{"id":19059,"date":"2025-11-06T12:43:15","date_gmt":"2025-11-06T12:43:15","guid":{"rendered":"https:\/\/ladepeche.mr\/?p=19059"},"modified":"2025-11-06T12:46:46","modified_gmt":"2025-11-06T12:46:46","slug":"declaration-solennelle-du-collectif-des-avocats-du-candidat-a-lelection-presidentielle-camerounaise-idrissa-tchiroma","status":"publish","type":"post","link":"https:\/\/ladepeche.mr\/?p=19059","title":{"rendered":"D\u00e9claration solennelle du collectif des avocats du candidat \u00e0 l\u2019\u00e9lection pr\u00e9sidentielle camerounaise Idrissa Tchiroma"},"content":{"rendered":"<p>D\u00e9claration solennelle du Collectif Camerounais et International des Juristes pour la V\u00e9rit\u00e9, la Justice et l\u2019\u00c9tat de Droit &#8211; 6 novembre 2025<br \/>\n(Conf\u00e9rence conjointe \u2013 Yaound\u00e9 \/ Paris \/ Washington \/ Gen\u00e8ve \u2013 6 novembre 2025)<\/p>\n<p><strong>NOUS NE PLAIDONS PAS. NOUS ACCUSONS.<\/strong><\/p>\n<p><strong>I. Le droit confisqu\u00e9 <\/strong><\/p>\n<p>Le droit ne g\u00e9mit pas. Il accuse.<br \/>\nIl ne supplie pas les puissants. Il les rappelle \u00e0 l\u2019ordre. Il n\u2019a pas besoin d\u2019estrade. Il a<br \/>\nbesoin de m\u00e9moire.<br \/>\nAujourd\u2019hui, ici, au Cameroun, dans ce pays meurtri par l\u2019histoire et trop souvent trahi<br \/>\npar ses \u00e9lites, nous, avocats, juristes et d\u00e9fenseurs du droit, ne plaidons pas une cause<br \/>\npartisane. Nous portons la parole du peuple quand la R\u00e9publique l\u2019\u00e9touffe.<br \/>\nLe 12 octobre 2025, le peuple camerounais a vot\u00e9. Le 26 octobre, on lui a confisqu\u00e9 sa<br \/>\nvoix. Ce ne fut pas une \u00e9lection. Ce fut une op\u00e9ration de neutralisation d\u00e9mocratique,<br \/>\norchestr\u00e9e avec un tel cynisme qu\u2019on en oublierait presque les apparences.<br \/>\nDes cartes d\u2019\u00e9lecteurs jamais distribu\u00e9es. Des bureaux sans observateurs. Des proc\u00e8s-<br \/>\nverbaux falsifi\u00e9s. Un juge constitutionnel devenu greffier d\u2019un verdict \u00e9crit d\u2019avance.<br \/>\nTout cela, nous ne l\u2019inventons pas. Nous le prouvons. Et la loi, que l\u2019on bafoue ici avec<br \/>\nune habilet\u00e9 machinale, nous donne raison.<\/p>\n<p><strong>II. Le sang vers\u00e9<\/strong><\/p>\n<p>Ils ont os\u00e9. Et ils ont tu\u00e9.<br \/>\nQuarante-huit morts. Selon des sources des Nations Unies, cit\u00e9es par Reuters. Des<br \/>\nballes contre des pancartes. Des matraques contre des chants. Des jeunes, des<br \/>\nfemmes, des p\u00e8res de famille. Pas des insurg\u00e9s. Des citoyens.<br \/>\nAjoutez \u00e0 cela les arrestations arbitraires de figures respect\u00e9es : Anicet Ekane, Djeukam<br \/>\nTchameni, le Professeur Aba\u2019a Oyono. Et jusqu\u2019aux proches du candidat Issa Tchiroma<br \/>\nBakary, enlev\u00e9s dans la nuit, sans mandat, sans avocat.<br \/>\nQue dit le droit ? Article 6 du PIDCP : le droit \u00e0 la vie, non n\u00e9gociable. Article 9 : nul ne<br \/>\npeut \u00eatre arr\u00eat\u00e9 arbitrairement. Charte africaine des droits de l\u2019homme et des peuples,<br \/>\narticles 4, 6, 7 : intangibles.<br \/>\nMais \u00e0 Yaound\u00e9, ce droit ne p\u00e8se rien quand il s\u2019oppose au confort de l\u2019\u00c9tat.<\/p>\n<p><strong>III. Le silence complice<\/strong><\/p>\n<p>Et pendant ce temps, que fait le monde ? Il regarde. Il tergiverse. Il esp\u00e8re que cela se<br \/>\ntassera.<br \/>\nMais nous le disons aujourd\u2019hui avec la clart\u00e9 d\u2019un verdict : le silence devient<br \/>\ncomplicit\u00e9.<br \/>\nCar cette \u00e9lection n\u2019est pas qu\u2019une affaire camerounaise. Elle concerne chaque<br \/>\nd\u00e9mocratie qui pr\u00e9tend d\u00e9fendre les principes de justice et de libert\u00e9. Elle concerne les<br \/>\n\u00c9tats-Unis, l\u2019Union europ\u00e9enne, la Francophonie.<br \/>\nAlors ? Qu\u2019attendez-vous pour parler ?<\/p>\n<p><strong>IV. L\u2019honneur du droit<\/strong><\/p>\n<p>Il ne s\u2019agit pas d\u2019ing\u00e9rence. Il s\u2019agit d\u2019honneur. Il ne s\u2019agit pas d\u2019intervention militaire. Il<br \/>\ns\u2019agit de vigilance diplomatique. De v\u00e9rit\u00e9. De m\u00e9moire. De coh\u00e9rence.<br \/>\nNous n\u2019appelons pas \u00e0 l\u2019agitation. Nous appelons au droit. Nous n\u2019appelons pas \u00e0<br \/>\nl\u2019insurrection. Nous appelons \u00e0 l\u2019instruction des faits. \u00c0 l\u2019ouverture d\u2019une mission<br \/>\nd\u2019enqu\u00eate ind\u00e9pendante. \u00c0 la mise en \u0153uvre d\u2019un m\u00e9canisme de m\u00e9diation inclusive.<\/p>\n<p><strong>V. La m\u00e9moire et le verdict<\/strong><\/p>\n<p>Enfin, \u00e0 ceux qui croient que tout ceci passera, que l\u2019on pr\u00eatera serment demain<br \/>\ncomme on efface une ardoise, nous disons : un r\u00e9gime ne se sauve pas par la fatigue. Il<br \/>\nne se prot\u00e8ge pas derri\u00e8re les vieillesses qu\u2019il fabrique.<br \/>\nLe serment d\u2019un pouvoir qui nie le peuple est un faux t\u00e9moignage. Et il engage la<br \/>\nresponsabilit\u00e9 de ceux qui l\u2019acceptent.<br \/>\nCar un jour viendra, plus t\u00f4t qu\u2019ils ne le croient, o\u00f9 ces visages arr\u00eat\u00e9s deviendront<br \/>\nsymboles, o\u00f9 ces actes de r\u00e9pression deviendront preuves, o\u00f9 ce serment contest\u00e9<br \/>\ndeviendra stigmate.<br \/>\nEt ce jour-l\u00e0, la justice parlera. Et l\u2019histoire, enfin, tranchera.<br \/>\nPour la v\u00e9rit\u00e9. Pour la R\u00e9publique. Pour le Cameroun.<\/p>\n<p>Fait \u00e0 Yaound\u00e9, Paris, Washington et Gen\u00e8ve, le 6 novembre 2025.<\/p>\n<p>\u2060<strong>Collectif Camerounais et International des Juristes pour la V\u00e9rit\u00e9, la Justice et l\u2019\u00c9tat de Droit (Avocats, juristes, professeurs, d\u00e9fenseurs des droits humains et observateurs \u00e9lectoraux ind\u00e9pendants).<\/strong><\/p>\n","protected":false},"excerpt":{"rendered":"<p>D\u00e9claration solennelle du Collectif Camerounais et International des Juristes pour la V\u00e9rit\u00e9, la Justice et l\u2019\u00c9tat de Droit &#8211; 6 novembre 2025 (Conf\u00e9rence conjointe \u2013 Yaound\u00e9 \/ Paris \/ Washington \/ Gen\u00e8ve \u2013 6 novembre 2025) NOUS NE PLAIDONS PAS. NOUS ACCUSONS. I. Le droit confisqu\u00e9 Le droit ne g\u00e9mit pas. Il accuse. Il ne &hellip;<\/p>\n","protected":false},"author":2,"featured_media":15034,"comment_status":"open","ping_status":"open","sticky":false,"template":"","format":"standard","meta":{"footnotes":""},"categories":[18,29],"tags":[],"class_list":["post-19059","post","type-post","status-publish","format-standard","has-post-thumbnail","hentry","category-actualites","category-monde"],"_links":{"self":[{"href":"https:\/\/ladepeche.mr\/index.php?rest_route=\/wp\/v2\/posts\/19059","targetHints":{"allow":["GET"]}}],"collection":[{"href":"https:\/\/ladepeche.mr\/index.php?rest_route=\/wp\/v2\/posts"}],"about":[{"href":"https:\/\/ladepeche.mr\/index.php?rest_route=\/wp\/v2\/types\/post"}],"author":[{"embeddable":true,"href":"https:\/\/ladepeche.mr\/index.php?rest_route=\/wp\/v2\/users\/2"}],"replies":[{"embeddable":true,"href":"https:\/\/ladepeche.mr\/index.php?rest_route=%2Fwp%2Fv2%2Fcomments&post=19059"}],"version-history":[{"count":3,"href":"https:\/\/ladepeche.mr\/index.php?rest_route=\/wp\/v2\/posts\/19059\/revisions"}],"predecessor-version":[{"id":19062,"href":"https:\/\/ladepeche.mr\/index.php?rest_route=\/wp\/v2\/posts\/19059\/revisions\/19062"}],"wp:featuredmedia":[{"embeddable":true,"href":"https:\/\/ladepeche.mr\/index.php?rest_route=\/wp\/v2\/media\/15034"}],"wp:attachment":[{"href":"https:\/\/ladepeche.mr\/index.php?rest_route=%2Fwp%2Fv2%2Fmedia&parent=19059"}],"wp:term":[{"taxonomy":"category","embeddable":true,"href":"https:\/\/ladepeche.mr\/index.php?rest_route=%2Fwp%2Fv2%2Fcategories&post=19059"},{"taxonomy":"post_tag","embeddable":true,"href":"https:\/\/ladepeche.mr\/index.php?rest_route=%2Fwp%2Fv2%2Ftags&post=19059"}],"curies":[{"name":"wp","href":"https:\/\/api.w.org\/{rel}","templated":true}]}}