{"id":19064,"date":"2025-11-06T14:31:31","date_gmt":"2025-11-06T14:31:31","guid":{"rendered":"https:\/\/ladepeche.mr\/?p=19064"},"modified":"2025-11-06T14:31:31","modified_gmt":"2025-11-06T14:31:31","slug":"fievre-de-la-vallee-du-rift-42-deces-au-senegal-et-en-mauritanie","status":"publish","type":"post","link":"https:\/\/ladepeche.mr\/?p=19064","title":{"rendered":"Fi\u00e8vre de la vall\u00e9e du Rift : 42 d\u00e9c\u00e8s au S\u00e9n\u00e9gal et en Mauritanie"},"content":{"rendered":"<p>L&#8217;Organisation mondiale de la sant\u00e9 (OMS) annonce un total de 404 cas humains confirm\u00e9s, dont 42 d\u00e9c\u00e8s entre le 20 septembre et le 30 octobre.<\/p>\n<p>La fi\u00e8vre de la vall\u00e9e du Rift r\u00e9apparue au S\u00e9n\u00e9gal et en Mauritanie continue de s\u00e9vir.<\/p>\n<p>L&#8217;Organisation mondiale de la sant\u00e9 (OMS) annonce un total de 404 cas humains confirm\u00e9s, dont 42 d\u00e9c\u00e8s entre le 20 septembre et le 30 octobre.<\/p>\n<p>Le premier cas dans la capitale s\u00e9n\u00e9galaise a \u00e9t\u00e9 enregistr\u00e9 \u00e0 Keur Massar, dans la banlieue dakaroise, il y a quelques jours.<br \/>\nCette maladie virale touchant principalement les animaux est aussi susceptible de contaminer l\u2019homme. Chez l\u2019animal comme chez l\u2019\u00eatre humain, l\u2019infection peut provoquer des sympt\u00f4mes graves.<\/p>\n<p>Afin de contenir la maladie, les autorit\u00e9s ont annonc\u00e9 une campagne de vaccination du b\u00e9tail et une op\u00e9ration de sensibilisation pour appeler \u00e0 \u00e9viter tout contact avec les animaux malades ou morts, et se rendre au centre de sant\u00e9 le plus proche en cas de fi\u00e8vre.<br \/>\nClass\u00e9e dans la cat\u00e9gorie des zoonoses virales, la fi\u00e8vre de la vall\u00e9e du Rift peut entra\u00eener des pertes \u00e9conomiques consid\u00e9rables, li\u00e9es \u00e0 la mort et \u00e0 l\u2019avortement d\u2019animaux dans les troupeaux infect\u00e9s.<\/p>\n<p>La plupart des infections chez l\u2019\u00eatre humain restent asymptomatiques ou b\u00e9nignes. La maladie se manifeste alors par une fi\u00e8vre, des douleurs musculaires et articulaires. Les sympt\u00f4mes durent en g\u00e9n\u00e9ral de quatre \u00e0 sept jours.<br \/>\nPhoto RIM<br \/>\nhttps:\/\/www.msn.com\/fr-xl\/actualite\/other\/fi%C3%A8vre-de-la-vall%C3%A9e-du-rift-42-d%C3%A9c%C3%A8s-au-s%C3%A9n%C3%A9gal-et-en-mauritanie\/ar-AA1PVzGw?ocid=msedgntp&#038;pc=U531&#038;cvid=344d49ab4a2a4598f47f893a9da703c0&#038;ei=4<\/p>\n","protected":false},"excerpt":{"rendered":"<p>L&#8217;Organisation mondiale de la sant\u00e9 (OMS) annonce un total de 404 cas humains confirm\u00e9s, dont 42 d\u00e9c\u00e8s entre le 20 septembre et le 30 octobre. La fi\u00e8vre de la vall\u00e9e du Rift r\u00e9apparue au S\u00e9n\u00e9gal et en Mauritanie continue de s\u00e9vir. L&#8217;Organisation mondiale de la sant\u00e9 (OMS) annonce un total de 404 cas humains confirm\u00e9s, &hellip;<\/p>\n","protected":false},"author":2,"featured_media":2104,"comment_status":"open","ping_status":"open","sticky":false,"template":"","format":"standard","meta":{"footnotes":""},"categories":[18,29,27],"tags":[],"class_list":["post-19064","post","type-post","status-publish","format-standard","has-post-thumbnail","hentry","category-actualites","category-monde","category-sante"],"_links":{"self":[{"href":"https:\/\/ladepeche.mr\/index.php?rest_route=\/wp\/v2\/posts\/19064","targetHints":{"allow":["GET"]}}],"collection":[{"href":"https:\/\/ladepeche.mr\/index.php?rest_route=\/wp\/v2\/posts"}],"about":[{"href":"https:\/\/ladepeche.mr\/index.php?rest_route=\/wp\/v2\/types\/post"}],"author":[{"embeddable":true,"href":"https:\/\/ladepeche.mr\/index.php?rest_route=\/wp\/v2\/users\/2"}],"replies":[{"embeddable":true,"href":"https:\/\/ladepeche.mr\/index.php?rest_route=%2Fwp%2Fv2%2Fcomments&post=19064"}],"version-history":[{"count":1,"href":"https:\/\/ladepeche.mr\/index.php?rest_route=\/wp\/v2\/posts\/19064\/revisions"}],"predecessor-version":[{"id":19065,"href":"https:\/\/ladepeche.mr\/index.php?rest_route=\/wp\/v2\/posts\/19064\/revisions\/19065"}],"wp:featuredmedia":[{"embeddable":true,"href":"https:\/\/ladepeche.mr\/index.php?rest_route=\/wp\/v2\/media\/2104"}],"wp:attachment":[{"href":"https:\/\/ladepeche.mr\/index.php?rest_route=%2Fwp%2Fv2%2Fmedia&parent=19064"}],"wp:term":[{"taxonomy":"category","embeddable":true,"href":"https:\/\/ladepeche.mr\/index.php?rest_route=%2Fwp%2Fv2%2Fcategories&post=19064"},{"taxonomy":"post_tag","embeddable":true,"href":"https:\/\/ladepeche.mr\/index.php?rest_route=%2Fwp%2Fv2%2Ftags&post=19064"}],"curies":[{"name":"wp","href":"https:\/\/api.w.org\/{rel}","templated":true}]}}