{"id":19099,"date":"2025-11-09T23:04:00","date_gmt":"2025-11-09T23:04:00","guid":{"rendered":"https:\/\/ladepeche.mr\/?p=19099"},"modified":"2025-11-09T23:04:00","modified_gmt":"2025-11-09T23:04:00","slug":"senegal-a-dakar-le-pastef-organise-un-meeting-geant-pour-remobiliser-ses-militants","status":"publish","type":"post","link":"https:\/\/ladepeche.mr\/?p=19099","title":{"rendered":"S\u00e9n\u00e9gal: \u00e0 Dakar, le Pastef organise un meeting g\u00e9ant pour remobiliser ses militants"},"content":{"rendered":"<p>Contraint de prendre des mesures d\u00e9licates pour redresser une \u00e9conomie mal en point et confront\u00e9 \u00e0 des rumeurs de division au plus haut sommet de l&#8217;\u00c9tat, le parti au pouvoir a organis\u00e9 un grand meeting, ce samedi 7 novembre. Devant une foule de plusieurs dizaines de milliers de personnes, le Premier ministre Ousmane Sonko en a profit\u00e9 pour s&#8217;en prendre de nouveau \u00e0 l&#8217;ancien pr\u00e9sident Macky Sall et \u00e0 son parti jug\u00e9s responsables de la dette cach\u00e9e d\u00e9couverte l&#8217;an dernier dans le pays.<\/p>\n<p>Des foules de militants aux couleurs rouge et vert mass\u00e9es sur le parking du stade L\u00e9opold-S\u00e9dar-Senghor de Dakar : dans la soir\u00e9e de ce samedi 8 novembre, plusieurs dizaines de milliers de militants du parti au pouvoir au S\u00e9n\u00e9gal se sont rassembl\u00e9s pour assister \u00e0 un meeting g\u00e9ant du Premier ministre Ousmane Sonko.<\/p>\n<p>Alors que certains sont venus t\u00f4t et d&#8217;autres de tr\u00e8s loin, tous ont d\u00e9cid\u00e9 de se retrouver pour r\u00e9affirmer leur soutien au Pastef, 18 mois apr\u00e8s son arriv\u00e9e au pouvoir \u00e0 la faveur de l&#8217;\u00e9lection pr\u00e9sidentielle du 24 mars 2024. \u00ab Parce que beaucoup de gens disent que la jeunesse a d\u00e9laiss\u00e9 ce parti, nous avons pris la d\u00e9cision de rassembler \u00e0 nouveau tous les patriotes pour en montrer la force et prouver que ce n&#8217;est pas vrai \u00bb, explique ainsi Cheikh Diop, un militant ravi de cette d\u00e9monstration de force.<\/p>\n<p>Dans son discours, Ousmane Sonko a tenu, lui, \u00e0 pr\u00e9venir ses fid\u00e8les : en raison de la dette cach\u00e9e d\u00e9couverte l\u2019an dernier et de la situation financi\u00e8re critique du pays, tous les S\u00e9n\u00e9galais vont devoir faire des efforts, a-t-il dit, r\u00e9affirmant aussi sa volont\u00e9 de poursuivre pour haute trahison l\u2019ancien pr\u00e9sident Macky Sall qu&#8217;il juge responsable de cet \u00e9tat de fait et visant plus globalement son parti, l\u2019Alliance pour la R\u00e9publique (APR).<\/p>\n<p>Montrer la popularit\u00e9 du Pastef malgr\u00e9 les rumeurs de divisions<br \/>\n\u00ab Tous nos maux, aujourd&#8217;hui, viennent de l\u2019APR, de son pr\u00e9sident et du r\u00e9gime pass\u00e9. C\u2019est une formation qui n\u2019a plus droit de cit\u00e9 et qui doit m\u00eame \u00eatre dissoute car il s&#8217;agit d&#8217;un parti criminel \u00bb, a notamment d\u00e9clar\u00e9 le Premier ministre avant de poursuivre : \u00ab On devrait signer un d\u00e9cret pour dissoudre ce parti, pour ne pas que ses membres se mettent \u00e0 parler \u00e0 longueur de journ\u00e9e apr\u00e8s tout le mal qu&#8217;ils ont fait aux S\u00e9n\u00e9galais ! \u00bb.<br \/>\nPour le chef de file du Pastef, l&#8217;objectif est \u00e9videmment de remobiliser ses troupes apr\u00e8s l&#8217;annonce de mesures d\u00e9licates pour redresser une \u00e9conomie s\u00e9n\u00e9galaise tr\u00e8s mal en point, mais aussi de montrer que la force et la popularit\u00e9 de son parti restent intactes dans un contexte de rumeurs de divisions au plus haut sommet de l&#8217;\u00c9tat entre lui et le pr\u00e9sident Bassirou Diomaye Faye.<\/p>\n<p>\u00ab Ce sont les oiseaux de mauvais augure qui affirment cela car en pratique, nous, nous ne voyons aucun probl\u00e8me entre Ousmane Sonko et le chef de l&#8217;\u00c9tat. Jamais. Ils ont toujours \u00e9t\u00e9 ensemble et sont de v\u00e9ritables amis \u00bb, balaie pour sa part Amaya Ndour, l&#8217;un de ses partisans, alors que le Premier ministre a annonc\u00e9 &#8211; sans le nommer &#8211; le limogeage du ministre de l&#8217;Environnement et de la Transition \u00e9cologique, Abdourahmane Diouf, qui est, selon lui, \u00e0 l\u2019origine de ces rumeurs de tension au sein de l&#8217;ex\u00e9cutif.<\/p>\n<p>Rfi.fr<\/p>\n","protected":false},"excerpt":{"rendered":"<p>Contraint de prendre des mesures d\u00e9licates pour redresser une \u00e9conomie mal en point et confront\u00e9 \u00e0 des rumeurs de division au plus haut sommet de l&#8217;\u00c9tat, le parti au pouvoir a organis\u00e9 un grand meeting, ce samedi 7 novembre. Devant une foule de plusieurs dizaines de milliers de personnes, le Premier ministre Ousmane Sonko en &hellip;<\/p>\n","protected":false},"author":2,"featured_media":19100,"comment_status":"open","ping_status":"open","sticky":false,"template":"","format":"standard","meta":{"footnotes":""},"categories":[18,29],"tags":[],"class_list":["post-19099","post","type-post","status-publish","format-standard","has-post-thumbnail","hentry","category-actualites","category-monde"],"_links":{"self":[{"href":"https:\/\/ladepeche.mr\/index.php?rest_route=\/wp\/v2\/posts\/19099","targetHints":{"allow":["GET"]}}],"collection":[{"href":"https:\/\/ladepeche.mr\/index.php?rest_route=\/wp\/v2\/posts"}],"about":[{"href":"https:\/\/ladepeche.mr\/index.php?rest_route=\/wp\/v2\/types\/post"}],"author":[{"embeddable":true,"href":"https:\/\/ladepeche.mr\/index.php?rest_route=\/wp\/v2\/users\/2"}],"replies":[{"embeddable":true,"href":"https:\/\/ladepeche.mr\/index.php?rest_route=%2Fwp%2Fv2%2Fcomments&post=19099"}],"version-history":[{"count":1,"href":"https:\/\/ladepeche.mr\/index.php?rest_route=\/wp\/v2\/posts\/19099\/revisions"}],"predecessor-version":[{"id":19101,"href":"https:\/\/ladepeche.mr\/index.php?rest_route=\/wp\/v2\/posts\/19099\/revisions\/19101"}],"wp:featuredmedia":[{"embeddable":true,"href":"https:\/\/ladepeche.mr\/index.php?rest_route=\/wp\/v2\/media\/19100"}],"wp:attachment":[{"href":"https:\/\/ladepeche.mr\/index.php?rest_route=%2Fwp%2Fv2%2Fmedia&parent=19099"}],"wp:term":[{"taxonomy":"category","embeddable":true,"href":"https:\/\/ladepeche.mr\/index.php?rest_route=%2Fwp%2Fv2%2Fcategories&post=19099"},{"taxonomy":"post_tag","embeddable":true,"href":"https:\/\/ladepeche.mr\/index.php?rest_route=%2Fwp%2Fv2%2Ftags&post=19099"}],"curies":[{"name":"wp","href":"https:\/\/api.w.org\/{rel}","templated":true}]}}