{"id":19108,"date":"2025-11-09T23:30:52","date_gmt":"2025-11-09T23:30:52","guid":{"rendered":"https:\/\/ladepeche.mr\/?p=19108"},"modified":"2025-11-09T23:30:52","modified_gmt":"2025-11-09T23:30:52","slug":"la-federation-irlandaise-de-football-demande-a-luefa-dexclure-israel-des-competitions-europeennes","status":"publish","type":"post","link":"https:\/\/ladepeche.mr\/?p=19108","title":{"rendered":"La F\u00e9d\u00e9ration irlandaise de football demande \u00e0 l\u2019UEFA d\u2019exclure Isra\u00ebl des comp\u00e9titions europ\u00e9ennes"},"content":{"rendered":"<p>La F\u00e9d\u00e9ration irlandaise de football (FAI) a vot\u00e9 samedi en faveur du d\u00e9p\u00f4t d\u2019une motion aupr\u00e8s de l\u2019UEFA visant \u00e0 interdire \u00e0 Isra\u00ebl de participer \u00e0 ses comp\u00e9titions, invoquant des violations pr\u00e9sum\u00e9es des statuts de l\u2019instance europ\u00e9enne.<\/p>\n<p>La proposition, pr\u00e9sent\u00e9e par le club des Bohemians de Dublin, a obtenu le soutien d\u2019une large majorit\u00e9 des d\u00e9l\u00e9gu\u00e9s, d\u00e9passant le seuil requis de 50 %. Selon la FAI, cette initiative s\u2019appuie sur deux griefs principaux : l\u2019organisation de clubs isra\u00e9liens dans les territoires palestiniens occup\u00e9s sans l\u2019accord pr\u00e9alable de la F\u00e9d\u00e9ration palestinienne de football ; et le manquement pr\u00e9sum\u00e9 de la F\u00e9d\u00e9ration isra\u00e9lienne \u00e0 appliquer une politique antiraciste efficace.<br \/>\nDans un communiqu\u00e9, la FAI a indiqu\u00e9 qu\u2019elle demanderait \u00e9galement \u00e0 l\u2019UEFA d\u2019\u00e9tablir des crit\u00e8res clairs et transparents pour les suspensions ou exclusions d\u2019associations membres, afin de garantir \u00ab un traitement \u00e9quitable pour tous \u00bb.<\/p>\n<p>Le comit\u00e9 ex\u00e9cutif de l\u2019UEFA doit se r\u00e9unir le 3 d\u00e9cembre prochain \u00e0 Nyon, en Suisse, pour examiner plusieurs dossiers disciplinaires et r\u00e9glementaires.<\/p>\n<p>Ce vote intervient alors que le Conseil de la FIFA a r\u00e9cemment r\u00e9affirm\u00e9 sa position de neutralit\u00e9, appelant les f\u00e9d\u00e9rations \u00e0 favoriser le dialogue et la paix plut\u00f4t qu\u2019\u00e0 adopter des sanctions.<\/p>\n<p>Isra\u00ebl, actuellement troisi\u00e8me de son groupe de qualification pour la Coupe du monde 2026, doit encore disputer un dernier match face \u00e0 la Moldavie, le 16 novembre.<\/p>\n<p>Le mois dernier, l\u2019UEFA avait suspendu un premier vote sur une \u00e9ventuelle exclusion d\u2019Isra\u00ebl, \u00e0 la suite d\u2019une initiative diplomatique conjointe du pr\u00e9sident am\u00e9ricain Donald Trump et du Premier ministre isra\u00e9lien Benjamin Netanyahu visant \u00e0 relancer les discussions de paix autour du conflit \u00e0 Gaza, qui entre dans sa deuxi\u00e8me ann\u00e9e.<\/p>\n<p>The post La F\u00e9d\u00e9ration irlandaise de football demande \u00e0 l\u2019UEFA d\u2019exclure Isra\u00ebl des comp\u00e9titions europ\u00e9ennes appeared first on Hespress Fran\u00e7ais &#8211; Actualit\u00e9s du Maroc.<\/p>\n","protected":false},"excerpt":{"rendered":"<p>La F\u00e9d\u00e9ration irlandaise de football (FAI) a vot\u00e9 samedi en faveur du d\u00e9p\u00f4t d\u2019une motion aupr\u00e8s de l\u2019UEFA visant \u00e0 interdire \u00e0 Isra\u00ebl de participer \u00e0 ses comp\u00e9titions, invoquant des violations pr\u00e9sum\u00e9es des statuts de l\u2019instance europ\u00e9enne. La proposition, pr\u00e9sent\u00e9e par le club des Bohemians de Dublin, a obtenu le soutien d\u2019une large majorit\u00e9 des &hellip;<\/p>\n","protected":false},"author":2,"featured_media":19109,"comment_status":"open","ping_status":"open","sticky":false,"template":"","format":"standard","meta":{"footnotes":""},"categories":[18,29,17],"tags":[],"class_list":["post-19108","post","type-post","status-publish","format-standard","has-post-thumbnail","hentry","category-actualites","category-monde","category-sports"],"_links":{"self":[{"href":"https:\/\/ladepeche.mr\/index.php?rest_route=\/wp\/v2\/posts\/19108","targetHints":{"allow":["GET"]}}],"collection":[{"href":"https:\/\/ladepeche.mr\/index.php?rest_route=\/wp\/v2\/posts"}],"about":[{"href":"https:\/\/ladepeche.mr\/index.php?rest_route=\/wp\/v2\/types\/post"}],"author":[{"embeddable":true,"href":"https:\/\/ladepeche.mr\/index.php?rest_route=\/wp\/v2\/users\/2"}],"replies":[{"embeddable":true,"href":"https:\/\/ladepeche.mr\/index.php?rest_route=%2Fwp%2Fv2%2Fcomments&post=19108"}],"version-history":[{"count":1,"href":"https:\/\/ladepeche.mr\/index.php?rest_route=\/wp\/v2\/posts\/19108\/revisions"}],"predecessor-version":[{"id":19110,"href":"https:\/\/ladepeche.mr\/index.php?rest_route=\/wp\/v2\/posts\/19108\/revisions\/19110"}],"wp:featuredmedia":[{"embeddable":true,"href":"https:\/\/ladepeche.mr\/index.php?rest_route=\/wp\/v2\/media\/19109"}],"wp:attachment":[{"href":"https:\/\/ladepeche.mr\/index.php?rest_route=%2Fwp%2Fv2%2Fmedia&parent=19108"}],"wp:term":[{"taxonomy":"category","embeddable":true,"href":"https:\/\/ladepeche.mr\/index.php?rest_route=%2Fwp%2Fv2%2Fcategories&post=19108"},{"taxonomy":"post_tag","embeddable":true,"href":"https:\/\/ladepeche.mr\/index.php?rest_route=%2Fwp%2Fv2%2Ftags&post=19108"}],"curies":[{"name":"wp","href":"https:\/\/api.w.org\/{rel}","templated":true}]}}