{"id":19111,"date":"2025-11-10T10:00:36","date_gmt":"2025-11-10T10:00:36","guid":{"rendered":"https:\/\/ladepeche.mr\/?p=19111"},"modified":"2025-11-09T23:55:16","modified_gmt":"2025-11-09T23:55:16","slug":"dechets-toxiques-un-danger-persistant-ignore","status":"publish","type":"post","link":"https:\/\/ladepeche.mr\/?p=19111","title":{"rendered":"Pollution au cyanure : Un danger persistant ignor\u00e9"},"content":{"rendered":"<p>La r\u00e9cente suspension, pour la seconde fois en un trimestre, de l\u2019usine de traitement d\u2019or de First Quantum Minerals \u2013 MCM dans la wilaya d\u2019Inchiri, illustre une r\u00e9alit\u00e9 troublante : la fragilit\u00e9 du contr\u00f4le environnemental face aux grandes entreprises mini\u00e8res op\u00e9rant en Mauritanie d\u00e9nonce sur sa page facebook le d\u00e9put\u00e9 de l\u2019Inchiri, Sid\u2019Ahmed Mohamed El Hacen. L\u2019incident, provoqu\u00e9 par une concentration excessive de cyanure dans les bassins de d\u00e9chets, met en lumi\u00e8re non seulement des d\u00e9faillances techniques, mais surtout une gouvernance environnementale insuffisante.<br \/>\nLe cyanure, substance hautement toxique utilis\u00e9e dans l\u2019extraction de l\u2019or, repr\u00e9sente un risque majeur pour la sant\u00e9 humaine et pour les \u00e9cosyst\u00e8mes. Son accumulation dans les sols ou les eaux souterraines peut avoir des cons\u00e9quences irr\u00e9versibles : mortalit\u00e9 de la faune, contamination des nappes phr\u00e9atiques, et exposition chronique des populations riveraines. Le fait que des incendies aient \u00e9galement touch\u00e9 des conteneurs de stockage contenant cette substance souligne le manque flagrant de rigueur dans les protocoles de s\u00e9curit\u00e9.<br \/>\nPlus pr\u00e9occupant encore est le constat d\u2019une impunit\u00e9 quasi syst\u00e9matique : les entreprises mini\u00e8res, souvent puissantes \u00e9conomiquement, \u00e9chappent \u00e0 des sanctions effectives. Les autorit\u00e9s, malgr\u00e9 les r\u00e9unions et les d\u00e9clarations d\u2019intention, semblent incapables d\u2019imposer une v\u00e9ritable redevabilit\u00e9 environnementale. Les audits ind\u00e9pendants, les \u00e9tudes d\u2019impact s\u00e9rieuses et la transparence publique des donn\u00e9es restent rares.<br \/>\n\u00ab La multiplication de ces incidents montre clairement le niveau de n\u00e9gligence de ces entreprises envers l\u2019environnement et la vie des citoyens, ainsi que la faiblesse des amendes \u2014 lorsqu\u2019elles existent \u2014, l\u2019impunit\u00e9 dont elles b\u00e9n\u00e9ficient, et la dissimulation de ces accidents par crainte d\u2019\u00e9corner leur image. Pour ces soci\u00e9t\u00e9s, la protection de l\u2019environnement semble \u00eatre leur derni\u00e8re pr\u00e9occupation. \u00bb accuse le d\u00e9put\u00e9.<br \/>\nPour lui ces incidents surviennent quelques jours seulement apr\u00e8s une r\u00e9union entre certains secteurs gouvernementaux et ces entreprises visant \u00e0 \u00e9laborer une strat\u00e9gie de r\u00e9duction des risques environnementaux dans la wilaya d\u2019Inchiri.<br \/>\nCe type de catastrophe environnementale ne saurait \u00eatre consid\u00e9r\u00e9 comme un simple accident industriel : il s\u2019agit d\u2019un sympt\u00f4me d\u2019un mod\u00e8le \u00e9conomique o\u00f9 la croissance prime sur la durabilit\u00e9, o\u00f9 la richesse extraite du sol laisse derri\u00e8re elle pauvret\u00e9, pollution et silence.<br \/>\nPour restaurer la confiance et prot\u00e9ger la population, il devient de plus en plus imp\u00e9rieux de renforcer le contr\u00f4le environnemental, d\u2019impliquer et former la surveillance \u00e9cologique citoyenne et enfin actualiser le cadre l\u00e9gal de ces activit\u00e9s \u00e0 la fois n\u00e9cessaires mais aussi dangereuses pour l\u2019homme.<br \/>\nL\u2019environnement de la Mauritanie, particuli\u00e8rement fragile, ne peut plus \u00eatre sacrifi\u00e9 sur l\u2019autel du profit. Les accidents \u00e0 r\u00e9p\u00e9tition, comme celui de MCM, rappellent qu\u2019aucun d\u00e9veloppement durable n\u2019est possible sans justice environnementale.<\/p>\n","protected":false},"excerpt":{"rendered":"<p>La r\u00e9cente suspension, pour la seconde fois en un trimestre, de l\u2019usine de traitement d\u2019or de First Quantum Minerals \u2013 MCM dans la wilaya d\u2019Inchiri, illustre une r\u00e9alit\u00e9 troublante : la fragilit\u00e9 du contr\u00f4le environnemental face aux grandes entreprises mini\u00e8res op\u00e9rant en Mauritanie d\u00e9nonce sur sa page facebook le d\u00e9put\u00e9 de l\u2019Inchiri, Sid\u2019Ahmed Mohamed El &hellip;<\/p>\n","protected":false},"author":2,"featured_media":19112,"comment_status":"open","ping_status":"open","sticky":false,"template":"","format":"standard","meta":{"footnotes":""},"categories":[18,2,21],"tags":[],"class_list":["post-19111","post","type-post","status-publish","format-standard","has-post-thumbnail","hentry","category-actualites","category-economie","category-fluctuations"],"_links":{"self":[{"href":"https:\/\/ladepeche.mr\/index.php?rest_route=\/wp\/v2\/posts\/19111","targetHints":{"allow":["GET"]}}],"collection":[{"href":"https:\/\/ladepeche.mr\/index.php?rest_route=\/wp\/v2\/posts"}],"about":[{"href":"https:\/\/ladepeche.mr\/index.php?rest_route=\/wp\/v2\/types\/post"}],"author":[{"embeddable":true,"href":"https:\/\/ladepeche.mr\/index.php?rest_route=\/wp\/v2\/users\/2"}],"replies":[{"embeddable":true,"href":"https:\/\/ladepeche.mr\/index.php?rest_route=%2Fwp%2Fv2%2Fcomments&post=19111"}],"version-history":[{"count":2,"href":"https:\/\/ladepeche.mr\/index.php?rest_route=\/wp\/v2\/posts\/19111\/revisions"}],"predecessor-version":[{"id":19115,"href":"https:\/\/ladepeche.mr\/index.php?rest_route=\/wp\/v2\/posts\/19111\/revisions\/19115"}],"wp:featuredmedia":[{"embeddable":true,"href":"https:\/\/ladepeche.mr\/index.php?rest_route=\/wp\/v2\/media\/19112"}],"wp:attachment":[{"href":"https:\/\/ladepeche.mr\/index.php?rest_route=%2Fwp%2Fv2%2Fmedia&parent=19111"}],"wp:term":[{"taxonomy":"category","embeddable":true,"href":"https:\/\/ladepeche.mr\/index.php?rest_route=%2Fwp%2Fv2%2Fcategories&post=19111"},{"taxonomy":"post_tag","embeddable":true,"href":"https:\/\/ladepeche.mr\/index.php?rest_route=%2Fwp%2Fv2%2Ftags&post=19111"}],"curies":[{"name":"wp","href":"https:\/\/api.w.org\/{rel}","templated":true}]}}