{"id":19116,"date":"2025-11-10T09:30:02","date_gmt":"2025-11-10T09:30:02","guid":{"rendered":"https:\/\/ladepeche.mr\/?p=19116"},"modified":"2025-11-10T00:04:55","modified_gmt":"2025-11-10T00:04:55","slug":"la-turquie-emet-des-mandats-darret-pour-genocide-contre-benjamin-netanyahu-et-plusieurs-responsables-israeliens","status":"publish","type":"post","link":"https:\/\/ladepeche.mr\/?p=19116","title":{"rendered":"La Turquie \u00e9met des mandats d&#8217;arr\u00eat pour &#8220;g\u00e9nocide&#8221; contre Benjamin Netanyahu et plusieurs responsables isra\u00e9liens"},"content":{"rendered":"<p>La justice turque a \u00e9mis vendredi 7 novembre des mandats d&#8217;arr\u00eat pour &#8220;g\u00e9nocide&#8221; contre le Premier ministre isra\u00e9lien, Benjamin Netanyahu, et plusieurs responsables isra\u00e9liens parmi lesquels le ministre de la D\u00e9fense, Isra\u00ebl Katz, et le ministre de la S\u00e9curit\u00e9 nationale, Itamar Ben Gvir.<\/p>\n<p>La justice turque a lanc\u00e9 le 7 novembre des dizaines de mandats d&#8217;arr\u00eat contre des hauts responsables isra\u00e9liens, dont le Premier ministre Benjamin Netanyahu pour &#8220;g\u00e9nocide&#8221;.<\/p>\n<p>Le ministre des Affaires \u00e9trang\u00e8res isra\u00e9lien Gideon Saar a rejett\u00e9 &#8220;fermement, avec m\u00e9pris&#8221; ces mandats, qu&#8217;il a qualifi\u00e9s de &#8220;dernier coup de pub du tyran Erdogan&#8221;, en r\u00e9f\u00e9rence au pr\u00e9sident turc Recep Tayyip Erdogan.<\/p>\n<p>Un total de 37 suspects sont vis\u00e9s par des mandats d&#8217;arr\u00eat, a pr\u00e9cis\u00e9 le parquet g\u00e9n\u00e9ral d&#8217;Istanbul dans un communiqu\u00e9, sans toutefois fournir de liste compl\u00e8te.<\/p>\n<p>Parmi eux figurent \u00e9galement le chef d&#8217;\u00e9tat-major isra\u00e9lien, Eyal Zamir, indique le parquet d&#8217;Istanbul qui d\u00e9nonce le &#8220;g\u00e9nocide et les crimes contre l&#8217;humanit\u00e9 perp\u00e9tr\u00e9s de mani\u00e8re syst\u00e9matique par l&#8217;Etat isra\u00e9lien \u00e0 Gaza&#8221;.<\/p>\n<p><strong>Soutien \u00e0 la proc\u00e9dure contre Isra\u00ebl \u00e0 la CPI pour g\u00e9nocide <\/strong><br \/>\nLa justice turque cite \u00e9galement le cas de l'&#8221;H\u00f4pital de l&#8217;amiti\u00e9 turco-palestinienne&#8221; de la bande de Gaza, construit par la Turquie, frapp\u00e9 en mars par l&#8217;arm\u00e9e isra\u00e9lienne qui affirme qu&#8217;il servait de base \u00e0 des combattants du mouvement islamiste palestinien Hamas.<\/p>\n<p>La Turquie, pays parmi les plus critiques de la guerre men\u00e9e par Isra\u00ebl \u00e0 Gaza \u00e0 la suite de l&#8217;attaque du mouvement islamiste palestinien Hamas sur le sol isra\u00e9lien le 7 octobre 2023, s&#8217;\u00e9tait d\u00e9j\u00e0 jointe l&#8217;an pass\u00e9 \u00e0 la proc\u00e9dure pour g\u00e9nocide contre Isra\u00ebl engag\u00e9e par l&#8217;Afrique du Sud devant la Cour internationale de justice (CIJ).<\/p>\n<p>lire la suite sur https:\/\/information.tv5monde.com\/international\/la-turquie-emet-des-mandats-darret-pour-genocide-contre-benjamin-netanyahu-et-plusieurs-responsables-israeliens-2797523<\/p>\n","protected":false},"excerpt":{"rendered":"<p>La justice turque a \u00e9mis vendredi 7 novembre des mandats d&#8217;arr\u00eat pour &#8220;g\u00e9nocide&#8221; contre le Premier ministre isra\u00e9lien, Benjamin Netanyahu, et plusieurs responsables isra\u00e9liens parmi lesquels le ministre de la D\u00e9fense, Isra\u00ebl Katz, et le ministre de la S\u00e9curit\u00e9 nationale, Itamar Ben Gvir. La justice turque a lanc\u00e9 le 7 novembre des dizaines de mandats &hellip;<\/p>\n","protected":false},"author":2,"featured_media":19117,"comment_status":"open","ping_status":"open","sticky":false,"template":"","format":"standard","meta":{"footnotes":""},"categories":[18,29],"tags":[],"class_list":["post-19116","post","type-post","status-publish","format-standard","has-post-thumbnail","hentry","category-actualites","category-monde"],"_links":{"self":[{"href":"https:\/\/ladepeche.mr\/index.php?rest_route=\/wp\/v2\/posts\/19116","targetHints":{"allow":["GET"]}}],"collection":[{"href":"https:\/\/ladepeche.mr\/index.php?rest_route=\/wp\/v2\/posts"}],"about":[{"href":"https:\/\/ladepeche.mr\/index.php?rest_route=\/wp\/v2\/types\/post"}],"author":[{"embeddable":true,"href":"https:\/\/ladepeche.mr\/index.php?rest_route=\/wp\/v2\/users\/2"}],"replies":[{"embeddable":true,"href":"https:\/\/ladepeche.mr\/index.php?rest_route=%2Fwp%2Fv2%2Fcomments&post=19116"}],"version-history":[{"count":1,"href":"https:\/\/ladepeche.mr\/index.php?rest_route=\/wp\/v2\/posts\/19116\/revisions"}],"predecessor-version":[{"id":19118,"href":"https:\/\/ladepeche.mr\/index.php?rest_route=\/wp\/v2\/posts\/19116\/revisions\/19118"}],"wp:featuredmedia":[{"embeddable":true,"href":"https:\/\/ladepeche.mr\/index.php?rest_route=\/wp\/v2\/media\/19117"}],"wp:attachment":[{"href":"https:\/\/ladepeche.mr\/index.php?rest_route=%2Fwp%2Fv2%2Fmedia&parent=19116"}],"wp:term":[{"taxonomy":"category","embeddable":true,"href":"https:\/\/ladepeche.mr\/index.php?rest_route=%2Fwp%2Fv2%2Fcategories&post=19116"},{"taxonomy":"post_tag","embeddable":true,"href":"https:\/\/ladepeche.mr\/index.php?rest_route=%2Fwp%2Fv2%2Ftags&post=19116"}],"curies":[{"name":"wp","href":"https:\/\/api.w.org\/{rel}","templated":true}]}}