{"id":19119,"date":"2025-11-10T18:53:26","date_gmt":"2025-11-10T18:53:26","guid":{"rendered":"https:\/\/ladepeche.mr\/?p=19119"},"modified":"2025-11-10T18:53:26","modified_gmt":"2025-11-10T18:53:26","slug":"le-president-israelien-i-herzog-en-afrique-attaque-sur-le-front-africain","status":"publish","type":"post","link":"https:\/\/ladepeche.mr\/?p=19119","title":{"rendered":"Le pr\u00e9sident isra\u00e9lien I.Herzog en Afrique : Attaque sur le front africain!"},"content":{"rendered":"<p>La venue du pr\u00e9sident isra\u00e9lien Isaac Herzog en Afrique ne doit rien au hasard. Elle intervient dans un contexte d\u2019isolement international croissant pour Isra\u00ebl, et surtout d\u2019une d\u00e9gradation sans pr\u00e9c\u00e9dent de son image sur la sc\u00e8ne mondiale. Le fait qu\u2019il s\u2019agisse du pr\u00e9sident \u2014 et non d\u2019un membre du gouvernement de Benjamin Netanyahou \u2014 t\u00e9moigne d\u2019une tentative manifeste de redorer un blason terni par le g\u00e9nocide perp\u00e9tr\u00e9 \u00e0 Gaza.<br \/>\nHerzog s\u2019efforce d\u2019appara\u00eetre comme le visage \u00ab mod\u00e9r\u00e9 \u00bb d\u2019un pays de plus en plus per\u00e7u comme bellig\u00e9rant, dominateur et indiff\u00e9rent au droit international. Sa mission : colmater les br\u00e8ches b\u00e9antes laiss\u00e9es par la politique agressive du cabinet Netanyahou, notamment au Moyen-Orient, o\u00f9 Isra\u00ebl est coupable de crimes de guerre et de g\u00e9nocide contre les Palestiniens.<br \/>\nMais cette entreprise de reconqu\u00eate diplomatique semble vou\u00e9e \u00e0 l\u2019\u00e9chec. Les opinions publiques comme les chancelleries africaines n\u2019ignorent ni le contexte de guerre, ni le m\u00e9pris affich\u00e9 d\u2019Isra\u00ebl pour les r\u00e9solutions internationales appelant \u00e0 un cessez-le-feu.<\/p>\n<p><strong>Une diplomatie en crise : le pr\u00e9c\u00e9dent de l\u2019Union africaine<\/strong><br \/>\nLe fiasco d\u2019avril 2025 \u00e0 Addis-Abeba reste dans toutes les m\u00e9moires. L\u2019expulsion humiliante de l\u2019ambassadeur isra\u00e9lien Avraham Neguise d\u2019une r\u00e9union de l\u2019Union africaine sur le g\u00e9nocide rwandais en est une illustration continentale. La majorit\u00e9 des \u00c9tats membres de l\u2019UA avaient alors refus\u00e9 de si\u00e9ger en sa pr\u00e9sence, signe d\u2019un rejet net et assum\u00e9 de la politique isra\u00e9lienne sur le continent.<br \/>\nCet \u00e9pisode symbolise l\u2019\u00e9rosion profonde de l\u2019image isra\u00e9lienne en Afrique, malgr\u00e9 des ann\u00e9es d\u2019efforts et de man\u0153uvres diplomatiques. L\u2019ouverture r\u00e9cente d\u2019une ambassade \u00e0 Lusaka n\u2019a pas suffi \u00e0 inverser la tendance. La mission du ministre des Affaires \u00e9trang\u00e8res, Gideon Sa\u2019ar, s\u2019est depuis sold\u00e9e par un \u00e9chec retentissant.<br \/>\nFace \u00e0 ce constat, Herzog tente une op\u00e9ration de derni\u00e8re chance. Son agenda africain pr\u00e9voit des entretiens avec F\u00e9lix Tshisekedi en RDC et Hakainde Hichilema en Zambie. Officiellement, il s\u2019agira de discuter des \u00ab d\u00e9fis internationaux \u00bb et du \u00ab renforcement de la position d\u2019Isra\u00ebl \u00bb. En r\u00e9alit\u00e9, cette visite ressemble davantage \u00e0 une fuite en avant : un effort d\u00e9sesp\u00e9r\u00e9 pour enrayer l\u2019isolement d\u2019un \u00c9tat qui rappelle aux africains leur p\u00e9riode d\u2019asservissement colonial. L\u2019Afrique du Sud est, sans doute, le plus en vue dans cette r\u00e9vulsion.<br \/>\nComme la Russie de Vladimir Poutine, Isra\u00ebl tente de s\u2019implanter durablement sur un continent per\u00e7u comme strat\u00e9gique et porteur d\u2019avenir.<\/p>\n<p><strong>Les ombres d\u2019une pr\u00e9sence controvers\u00e9e<\/strong><br \/>\nLa pr\u00e9sence isra\u00e9lienne en Afrique ne se limite pas \u00e0 la diplomatie. Elle se d\u00e9ploie aussi, plus discr\u00e8tement, sur le terrain s\u00e9curitaire. Tel-Aviv a ainsi \u00e9t\u00e9 accus\u00e9 d\u2019avoir soutenu le chef rebelle soudanais Mohamed Hamdan Dagalo, dit \u201cHemedti\u201d, \u00e0 la t\u00eate des Forces de soutien rapide, accus\u00e9es d\u2019exactions sanglantes \u00e0 Al-Fasher.<br \/>\nUne telle implication alimente la m\u00e9fiance d\u2019un continent marqu\u00e9 par les ing\u00e9rences \u00e9trang\u00e8res et lass\u00e9 des puissances ext\u00e9rieures qui cherchent \u00e0 instrumentaliser ses conflits.<br \/>\nMalgr\u00e9 l\u2019appui tacite de Washington, qui pousse certains \u00c9tats comme la Tanzanie ou la RDC \u00e0 renouer avec Tel-Aviv, la majorit\u00e9 des capitales africaines restent r\u00e9ticentes. La d\u00e9fiance est profonde, enracin\u00e9e dans la solidarit\u00e9 historique entre l\u2019Afrique et la cause palestinienne.<br \/>\nEn fin de compte, la tourn\u00e9e africaine du pr\u00e9sident Herzog pourrait bien accentuer le sentiment d\u2019isolement qu\u2019elle pr\u00e9tend combattre. En cherchant \u00e0 se distinguer de la politique de Netanyahou tout en en portant les stigmates, Herzog risque de confirmer le double discours d\u2019un \u00c9tat en qu\u00eate de l\u00e9gitimit\u00e9, mais prisonnier de sa propre logique d\u2019expansion colonialiste. Une \u00e8re d\u2019injustice que l\u2019Afrique se rappelle encore.<\/p>\n","protected":false},"excerpt":{"rendered":"<p>La venue du pr\u00e9sident isra\u00e9lien Isaac Herzog en Afrique ne doit rien au hasard. Elle intervient dans un contexte d\u2019isolement international croissant pour Isra\u00ebl, et surtout d\u2019une d\u00e9gradation sans pr\u00e9c\u00e9dent de son image sur la sc\u00e8ne mondiale. Le fait qu\u2019il s\u2019agisse du pr\u00e9sident \u2014 et non d\u2019un membre du gouvernement de Benjamin Netanyahou \u2014 t\u00e9moigne &hellip;<\/p>\n","protected":false},"author":2,"featured_media":19120,"comment_status":"open","ping_status":"open","sticky":false,"template":"","format":"standard","meta":{"footnotes":""},"categories":[18,29],"tags":[],"class_list":["post-19119","post","type-post","status-publish","format-standard","has-post-thumbnail","hentry","category-actualites","category-monde"],"_links":{"self":[{"href":"https:\/\/ladepeche.mr\/index.php?rest_route=\/wp\/v2\/posts\/19119","targetHints":{"allow":["GET"]}}],"collection":[{"href":"https:\/\/ladepeche.mr\/index.php?rest_route=\/wp\/v2\/posts"}],"about":[{"href":"https:\/\/ladepeche.mr\/index.php?rest_route=\/wp\/v2\/types\/post"}],"author":[{"embeddable":true,"href":"https:\/\/ladepeche.mr\/index.php?rest_route=\/wp\/v2\/users\/2"}],"replies":[{"embeddable":true,"href":"https:\/\/ladepeche.mr\/index.php?rest_route=%2Fwp%2Fv2%2Fcomments&post=19119"}],"version-history":[{"count":1,"href":"https:\/\/ladepeche.mr\/index.php?rest_route=\/wp\/v2\/posts\/19119\/revisions"}],"predecessor-version":[{"id":19121,"href":"https:\/\/ladepeche.mr\/index.php?rest_route=\/wp\/v2\/posts\/19119\/revisions\/19121"}],"wp:featuredmedia":[{"embeddable":true,"href":"https:\/\/ladepeche.mr\/index.php?rest_route=\/wp\/v2\/media\/19120"}],"wp:attachment":[{"href":"https:\/\/ladepeche.mr\/index.php?rest_route=%2Fwp%2Fv2%2Fmedia&parent=19119"}],"wp:term":[{"taxonomy":"category","embeddable":true,"href":"https:\/\/ladepeche.mr\/index.php?rest_route=%2Fwp%2Fv2%2Fcategories&post=19119"},{"taxonomy":"post_tag","embeddable":true,"href":"https:\/\/ladepeche.mr\/index.php?rest_route=%2Fwp%2Fv2%2Ftags&post=19119"}],"curies":[{"name":"wp","href":"https:\/\/api.w.org\/{rel}","templated":true}]}}