{"id":19127,"date":"2025-11-10T21:39:40","date_gmt":"2025-11-10T21:39:40","guid":{"rendered":"https:\/\/ladepeche.mr\/?p=19127"},"modified":"2025-11-10T21:39:40","modified_gmt":"2025-11-10T21:39:40","slug":"le-mae-expose-le-projet-de-loi-de-finances-initiale-2026-devant-la-commission-des-finances","status":"publish","type":"post","link":"https:\/\/ladepeche.mr\/?p=19127","title":{"rendered":"Le MAE expose le Projet de Loi de Finances Initiale 2026 devant la Commission des Finances"},"content":{"rendered":"<p>Son Excellence le ministre des Affaires \u00e9conomiques et du D\u00e9veloppement, Dr Abdallah O. Souleymane O. Cheikh Sidia, a expos\u00e9, devant la Commission des Finances de l\u2019Assembl\u00e9e nationale, les grandes orientations du Projet de Loi de Finances Initiale pour l\u2019ann\u00e9e 2026.<\/p>\n<p>Ce projet marque une rupture majeure avec le mod\u00e8le budg\u00e9taire traditionnel fond\u00e9 sur les d\u00e9penses, au profit d\u2019une budg\u00e9tisation par programmes, ax\u00e9e sur la performance et les r\u00e9sultats. Une d\u00e9marche qui inscrit la Mauritanie parmi les pays adoptant les meilleures pratiques internationales en mati\u00e8re de transparence et d\u2019efficacit\u00e9 de la d\u00e9pense publique.<\/p>\n<p>S\u2019exprimant en sa qualit\u00e9 de ministre des Finances par int\u00e9rim, Son Excellence a pr\u00e9cis\u00e9 que cette r\u00e9forme vise \u00e0 aligner les d\u00e9penses publiques sur les objectifs de d\u00e9veloppement et \u00e0 mesurer leur impact au moyen d\u2019indicateurs pr\u00e9cis et mesurables.<\/p>\n<p>La pr\u00e9sente orientation devrait, selon lui, accro\u00eetre l\u2019efficacit\u00e9 de la d\u00e9pense publique, renforcer la transparence et la reddition de comptes, et consolider la cr\u00e9dibilit\u00e9 de la politique budg\u00e9taire nationale.<\/p>\n<p>Le projet de budget 2026 pr\u00e9voit une hausse des d\u00e9penses et des pr\u00eats nets de 10,96 %, atteignant 132,18 milliards d\u2019ouguiyas, tandis que les recettes devraient progresser de 10,11 % pour s\u2019\u00e9tablir \u00e0 128,79 milliards d\u2019ouguiyas. Le texte met \u00e9galement l\u2019accent sur l\u2019am\u00e9lioration des conditions du personnel de la fonction publique, \u00e0 travers une augmentation de 10,2 % de la masse salariale.<\/p>\n<p>Les d\u00e9put\u00e9s ont salu\u00e9 la pr\u00e9sentation du ministre et formul\u00e9 des propositions constructives. Le projet sera prochainement soumis \u00e0 la pl\u00e9ni\u00e8re du Parlement pour examen et adoption au cours de la session en cours.<\/p>\n","protected":false},"excerpt":{"rendered":"<p>Son Excellence le ministre des Affaires \u00e9conomiques et du D\u00e9veloppement, Dr Abdallah O. Souleymane O. Cheikh Sidia, a expos\u00e9, devant la Commission des Finances de l\u2019Assembl\u00e9e nationale, les grandes orientations du Projet de Loi de Finances Initiale pour l\u2019ann\u00e9e 2026. Ce projet marque une rupture majeure avec le mod\u00e8le budg\u00e9taire traditionnel fond\u00e9 sur les d\u00e9penses, &hellip;<\/p>\n","protected":false},"author":2,"featured_media":19128,"comment_status":"open","ping_status":"open","sticky":false,"template":"","format":"standard","meta":{"footnotes":""},"categories":[18,2],"tags":[],"class_list":["post-19127","post","type-post","status-publish","format-standard","has-post-thumbnail","hentry","category-actualites","category-economie"],"_links":{"self":[{"href":"https:\/\/ladepeche.mr\/index.php?rest_route=\/wp\/v2\/posts\/19127","targetHints":{"allow":["GET"]}}],"collection":[{"href":"https:\/\/ladepeche.mr\/index.php?rest_route=\/wp\/v2\/posts"}],"about":[{"href":"https:\/\/ladepeche.mr\/index.php?rest_route=\/wp\/v2\/types\/post"}],"author":[{"embeddable":true,"href":"https:\/\/ladepeche.mr\/index.php?rest_route=\/wp\/v2\/users\/2"}],"replies":[{"embeddable":true,"href":"https:\/\/ladepeche.mr\/index.php?rest_route=%2Fwp%2Fv2%2Fcomments&post=19127"}],"version-history":[{"count":1,"href":"https:\/\/ladepeche.mr\/index.php?rest_route=\/wp\/v2\/posts\/19127\/revisions"}],"predecessor-version":[{"id":19129,"href":"https:\/\/ladepeche.mr\/index.php?rest_route=\/wp\/v2\/posts\/19127\/revisions\/19129"}],"wp:featuredmedia":[{"embeddable":true,"href":"https:\/\/ladepeche.mr\/index.php?rest_route=\/wp\/v2\/media\/19128"}],"wp:attachment":[{"href":"https:\/\/ladepeche.mr\/index.php?rest_route=%2Fwp%2Fv2%2Fmedia&parent=19127"}],"wp:term":[{"taxonomy":"category","embeddable":true,"href":"https:\/\/ladepeche.mr\/index.php?rest_route=%2Fwp%2Fv2%2Fcategories&post=19127"},{"taxonomy":"post_tag","embeddable":true,"href":"https:\/\/ladepeche.mr\/index.php?rest_route=%2Fwp%2Fv2%2Ftags&post=19127"}],"curies":[{"name":"wp","href":"https:\/\/api.w.org\/{rel}","templated":true}]}}