{"id":19139,"date":"2025-11-11T10:23:05","date_gmt":"2025-11-11T10:23:05","guid":{"rendered":"https:\/\/ladepeche.mr\/?p=19139"},"modified":"2025-11-11T10:24:08","modified_gmt":"2025-11-11T10:24:08","slug":"omc-la-mauritanie-depose-son-instrument-dacceptation-de-laccord-sur-les-subventions-aux-peches-nocives","status":"publish","type":"post","link":"https:\/\/ladepeche.mr\/?p=19139","title":{"rendered":"OMC : La Mauritanie d\u00e9pose son instrument d\u2019acceptation de l\u2019accord sur les subventions aux p\u00eaches nocives"},"content":{"rendered":"<p>L&#8217;ambassadrice et repr\u00e9sentante permanente de la Mauritanie aupr\u00e8s de l\u2019Office des Nations Unies et des autres organisations internationales \u00e0 Gen\u00e8ve, Son Excellence Madame A\u00efcha Vall Verg\u00e8s, a remis, le lundi 10 novembre 2025, \u00e0 la Directrice g\u00e9n\u00e9rale de l\u2019Organisation mondiale du commerce (OMC), le document d\u2019acceptation de la Mauritanie relatif \u00e0 l\u2019accord sur les subventions aux p\u00eaches nocives.<\/p>\n<p>Adopt\u00e9 en juin 2022, cet accord interdit notamment les subventions qui encouragent la p\u00eache ill\u00e9gale, non d\u00e9clar\u00e9e et non r\u00e9glement\u00e9e (INN), ainsi que celles qui aggravent la pression sur des stocks halieutiques surexploit\u00e9s. Pour entrer en vigueur, il requiert le d\u00e9p\u00f4t des instruments d\u2019acceptation par les deux tiers des Membres de l\u2019OMC.<\/p>\n<p>Lors de son entretien avec la Directrice g\u00e9n\u00e9rale, Mme A\u00efcha Vall Verg\u00e8s a mis en avant les efforts d\u00e9ploy\u00e9s par la Mauritanie pour pr\u00e9server ses ressources halieutiques et lutter contre la p\u00eache illicite. La diplomate a r\u00e9affirm\u00e9 l\u2019engagement de son pays \u00e0 contribuer activement \u00e0 la mise en \u0153uvre de l\u2019accord, tout en soulignant la n\u00e9cessit\u00e9 d\u2019un accompagnement adapt\u00e9 pour renforcer les capacit\u00e9s nationales dans ce domaine.<\/p>\n<p>Enfin, Mme Vall Verg\u00e8s a f\u00e9licit\u00e9 Mme Ngozi Okonjo-Iweala, Directrice g\u00e9n\u00e9rale de l\u2019OMC, pour ses efforts visant \u00e0 promouvoir un syst\u00e8me commercial plus juste, \u00e9quilibr\u00e9 et b\u00e9n\u00e9fique \u00e0 tous. La Mauritanie, rappelle-t-on, est le premier pays \u00e0 adh\u00e9rer \u00e0 l\u2019Initiative pour la transparence dans le secteur de la p\u00eache (FiTi).<\/p>\n<p>Pour sa part, Mme Okonjo-Iweala a salu\u00e9 la d\u00e9marche de la Mauritanie, soulignant l\u2019importance de l\u2019accord dans la lutte contre les subventions pr\u00e9judiciables et dans la protection des oc\u00e9ans. Elle a \u00e9galement mis en valeur les initiatives de la Mauritanie en faveur de la pr\u00e9servation durable des ressources halieutiques.<\/p>\n<p>\u00c0 noter que l\u2019accord de l\u2019OMC sur les subventions \u00e0 la p\u00eache vise \u00e0 assurer la durabilit\u00e9 des ressources marines et \u00e0 favoriser le d\u00e9veloppement d\u2019une \u00e9conomie bleue fond\u00e9e sur des pratiques responsables et transparentes.<br \/>\n(avec Ami)<\/p>\n","protected":false},"excerpt":{"rendered":"<p>L&#8217;ambassadrice et repr\u00e9sentante permanente de la Mauritanie aupr\u00e8s de l\u2019Office des Nations Unies et des autres organisations internationales \u00e0 Gen\u00e8ve, Son Excellence Madame A\u00efcha Vall Verg\u00e8s, a remis, le lundi 10 novembre 2025, \u00e0 la Directrice g\u00e9n\u00e9rale de l\u2019Organisation mondiale du commerce (OMC), le document d\u2019acceptation de la Mauritanie relatif \u00e0 l\u2019accord sur les subventions &hellip;<\/p>\n","protected":false},"author":2,"featured_media":19140,"comment_status":"open","ping_status":"open","sticky":false,"template":"","format":"standard","meta":{"footnotes":""},"categories":[18,2,29],"tags":[],"class_list":["post-19139","post","type-post","status-publish","format-standard","has-post-thumbnail","hentry","category-actualites","category-economie","category-monde"],"_links":{"self":[{"href":"https:\/\/ladepeche.mr\/index.php?rest_route=\/wp\/v2\/posts\/19139","targetHints":{"allow":["GET"]}}],"collection":[{"href":"https:\/\/ladepeche.mr\/index.php?rest_route=\/wp\/v2\/posts"}],"about":[{"href":"https:\/\/ladepeche.mr\/index.php?rest_route=\/wp\/v2\/types\/post"}],"author":[{"embeddable":true,"href":"https:\/\/ladepeche.mr\/index.php?rest_route=\/wp\/v2\/users\/2"}],"replies":[{"embeddable":true,"href":"https:\/\/ladepeche.mr\/index.php?rest_route=%2Fwp%2Fv2%2Fcomments&post=19139"}],"version-history":[{"count":2,"href":"https:\/\/ladepeche.mr\/index.php?rest_route=\/wp\/v2\/posts\/19139\/revisions"}],"predecessor-version":[{"id":19142,"href":"https:\/\/ladepeche.mr\/index.php?rest_route=\/wp\/v2\/posts\/19139\/revisions\/19142"}],"wp:featuredmedia":[{"embeddable":true,"href":"https:\/\/ladepeche.mr\/index.php?rest_route=\/wp\/v2\/media\/19140"}],"wp:attachment":[{"href":"https:\/\/ladepeche.mr\/index.php?rest_route=%2Fwp%2Fv2%2Fmedia&parent=19139"}],"wp:term":[{"taxonomy":"category","embeddable":true,"href":"https:\/\/ladepeche.mr\/index.php?rest_route=%2Fwp%2Fv2%2Fcategories&post=19139"},{"taxonomy":"post_tag","embeddable":true,"href":"https:\/\/ladepeche.mr\/index.php?rest_route=%2Fwp%2Fv2%2Ftags&post=19139"}],"curies":[{"name":"wp","href":"https:\/\/api.w.org\/{rel}","templated":true}]}}