{"id":19143,"date":"2025-11-11T11:19:30","date_gmt":"2025-11-11T11:19:30","guid":{"rendered":"https:\/\/ladepeche.mr\/?p=19143"},"modified":"2025-11-11T11:19:30","modified_gmt":"2025-11-11T11:19:30","slug":"actualisation-de-linitiative-dautonomie-le-roi-mohammed-vi-ouvre-une-large-concertation-nationale-communique-du-cabinet-royal","status":"publish","type":"post","link":"https:\/\/ladepeche.mr\/?p=19143","title":{"rendered":"Actualisation de l\u2019initiative d\u2019autonomie : le Roi Mohammed VI ouvre une large concertation nationale (Communiqu\u00e9 du Cabinet Royal)"},"content":{"rendered":"<p>Une r\u00e9union pr\u00e9sid\u00e9e par les Conseillers de Sa Majest\u00e9 le Roi Mohamed VI, avec la participation des chefs des partis, du ministre de l&#8217;Int\u00e9rieur et du ministre des Affaires \u00e9trang\u00e8res, s\u2019est tenue lundi au Cabinet Royal, dans le cadre de la continuit\u00e9 des orientations royales li\u00e9es \u00e0 la cause marocaine.<\/p>\n<p>Cette r\u00e9union a \u00e9t\u00e9 consacr\u00e9e \u00e0 l\u2019actualisation et de la formulation d\u00e9taill\u00e9e de l&#8217;initiative d&#8217;autonomie pour les provinces du Sud, \u00e0 la suite de l\u2019adoption, fin octobre, de la r\u00e9solution 2797 du Conseil de s\u00e9curit\u00e9 de l\u2019ONU et du discours royal du 31 octobre.<\/p>\n<p>Selon le communiqu\u00e9 du Cabinet royal, il s\u2019agit d\u2019une d\u00e9marche qui traduit la vision de gouvernance pr\u00f4n\u00e9e par le Souverain, fond\u00e9e sur une approche participative associant les forces politiques nationales aux grandes orientations du pays, une concertation \u00e9largie mobilisant l\u2019ensemble des institutions et acteurs politiques, et une vision proactive visant \u00e0 consolider la marocanit\u00e9 du Sahara \u00e0 travers un projet r\u00e9aliste, inclusif et durable.<\/p>\n<p>Texte integral du communiqu\u00e9 du Cabinet Royal :<\/p>\n<p>&#8220;Sur Ordre de Sa Majest\u00e9 le Roi Mohammed VI, que Dieu L\u2019assiste, une r\u00e9union pr\u00e9sid\u00e9e par les Conseillers de Sa Majest\u00e9 le Roi, MM. Taib Fassi Fihri, Omar Azziman et Fouad Ali El Himma, a eu lieu, lundi 10 novembre 2025, au Cabinet Royal, avec les chefs des partis nationaux repr\u00e9sent\u00e9s dans les deux Chambres du Parlement, en pr\u00e9sence du ministre de l&#8217;Int\u00e9rieur et du ministre des Affaires \u00e9trang\u00e8res, de la Coop\u00e9ration africaine et des Marocains r\u00e9sidant \u00e0 l&#8217;\u00e9tranger.<\/p>\n<p>Cette r\u00e9union a \u00e9t\u00e9 consacr\u00e9e, conform\u00e9ment aux Tr\u00e8s Hautes Instructions de Sa Majest\u00e9 le Roi, \u00e0 l\u2019actualisation et \u00e0 la formulation d\u00e9taill\u00e9e de l\u2019initiative d\u2019autonomie, dans le cadre de la souverainet\u00e9 marocaine, en ex\u00e9cution de la D\u00e9cision Royale contenue dans le Discours adress\u00e9 par le Souverain \u00e0 Son peuple fid\u00e8le, le 31 octobre dernier, suite \u00e0 l\u2019adoption de la r\u00e9solution 2797 du Conseil de s\u00e9curit\u00e9.<\/p>\n<p>Cette r\u00e9union s&#8217;inscrit dans le cadre de l&#8217;engagement constant de Sa Majest\u00e9 le Roi, que Dieu Le glorifie, pour la mise en \u0153uvre de l\u2019approche participative et de concertation \u00e9largie, chaque fois qu\u2019il s\u2019agit des grandes causes du pays.<\/p>\n<p>\u00c0 cet \u00e9gard, les Conseillers de Sa Majest\u00e9 le Roi ont inform\u00e9 les chefs des partis politiques pr\u00e9sents de la volont\u00e9 du Souverain de les consulter sur cette question cruciale qui concerne tous les Marocains, tout en les invitant \u00e0 soumettre des visions et propositions de leurs organisations au sujet de l\u2019actualisation et de la formulation d\u00e9taill\u00e9e de l&#8217;initiative d&#8217;autonomie.<\/p>\n<p>Lors de cette rencontre, les chefs des partis politiques se sont f\u00e9licit\u00e9s des d\u00e9veloppements positifs que conna\u00eet la question du Sahara marocain et ont exprim\u00e9 leur fiert\u00e9 de la D\u00e9cision Royale d&#8217;associer les instances politiques nationales, les diff\u00e9rentes institutions et forces vives de la nation \u00e0 l&#8217;\u00e9laboration d&#8217;une vision int\u00e9gr\u00e9e, actualis\u00e9e et d\u00e9taill\u00e9e de l&#8217;initiative d&#8217;autonomie au Sahara marocain, dans le cadre de la souverainet\u00e9 marocaine, \u00e0 m\u00eame de garantir le retour de nos fr\u00e8res des camps de Tindouf, de retrouver les leurs, construire leur avenir et de contribuer \u00e0 la gestion de leurs affaires locales, dans le giron du Maroc uni, comme l\u2019a soulign\u00e9 SM le Roi dans Son r\u00e9cent Discours.<\/p>\n<p>Ils ont \u00e9galement exprim\u00e9 leur mobilisation constante, sous la sage conduite de Sa Majest\u00e9 le Roi, et leur soutien total aux initiatives et aux efforts inlassables que le Souverain n\u2019a eu de cesse de d\u00e9ployer pour la d\u00e9fense des droits l\u00e9gitimes de notre pays pour consolider la marocanit\u00e9 du Sahara. <\/p>\n<p>Les efforts qui ont \u00e9t\u00e9 couronn\u00e9s par l\u2019adoption de la r\u00e9cente r\u00e9solution du Conseil de s\u00e9curit\u00e9 qui consacre l&#8217;initiative marocaine d&#8217;autonomie comme la solution r\u00e9aliste et r\u00e9alisable, dans le cadre de la souverainet\u00e9 du Royaume, de son int\u00e9grit\u00e9 territoriale et de son unit\u00e9 nationale, en tant que base des n\u00e9gociations pour parvenir \u00e0 un r\u00e8glement d\u00e9finitif de ce conflit r\u00e9gional.<\/p>\n<p>En r\u00e9ponse \u00e0 cette g\u00e9n\u00e9reuse Invitation Royale, les chefs des partis politiques ont affirm\u00e9 leur engagement \u00e0 soumettre des m\u00e9morandums \u00e0 ce sujet \u00e0 l\u2019Auguste Personne de Sa Majest\u00e9 le Roi, dans les meilleurs d\u00e9lais&#8221;.<br \/>\n(avec M\u00e9dias)<\/p>\n","protected":false},"excerpt":{"rendered":"<p>Une r\u00e9union pr\u00e9sid\u00e9e par les Conseillers de Sa Majest\u00e9 le Roi Mohamed VI, avec la participation des chefs des partis, du ministre de l&#8217;Int\u00e9rieur et du ministre des Affaires \u00e9trang\u00e8res, s\u2019est tenue lundi au Cabinet Royal, dans le cadre de la continuit\u00e9 des orientations royales li\u00e9es \u00e0 la cause marocaine. Cette r\u00e9union a \u00e9t\u00e9 consacr\u00e9e &hellip;<\/p>\n","protected":false},"author":2,"featured_media":19144,"comment_status":"open","ping_status":"open","sticky":false,"template":"","format":"standard","meta":{"footnotes":""},"categories":[18,29],"tags":[],"class_list":["post-19143","post","type-post","status-publish","format-standard","has-post-thumbnail","hentry","category-actualites","category-monde"],"_links":{"self":[{"href":"https:\/\/ladepeche.mr\/index.php?rest_route=\/wp\/v2\/posts\/19143","targetHints":{"allow":["GET"]}}],"collection":[{"href":"https:\/\/ladepeche.mr\/index.php?rest_route=\/wp\/v2\/posts"}],"about":[{"href":"https:\/\/ladepeche.mr\/index.php?rest_route=\/wp\/v2\/types\/post"}],"author":[{"embeddable":true,"href":"https:\/\/ladepeche.mr\/index.php?rest_route=\/wp\/v2\/users\/2"}],"replies":[{"embeddable":true,"href":"https:\/\/ladepeche.mr\/index.php?rest_route=%2Fwp%2Fv2%2Fcomments&post=19143"}],"version-history":[{"count":1,"href":"https:\/\/ladepeche.mr\/index.php?rest_route=\/wp\/v2\/posts\/19143\/revisions"}],"predecessor-version":[{"id":19145,"href":"https:\/\/ladepeche.mr\/index.php?rest_route=\/wp\/v2\/posts\/19143\/revisions\/19145"}],"wp:featuredmedia":[{"embeddable":true,"href":"https:\/\/ladepeche.mr\/index.php?rest_route=\/wp\/v2\/media\/19144"}],"wp:attachment":[{"href":"https:\/\/ladepeche.mr\/index.php?rest_route=%2Fwp%2Fv2%2Fmedia&parent=19143"}],"wp:term":[{"taxonomy":"category","embeddable":true,"href":"https:\/\/ladepeche.mr\/index.php?rest_route=%2Fwp%2Fv2%2Fcategories&post=19143"},{"taxonomy":"post_tag","embeddable":true,"href":"https:\/\/ladepeche.mr\/index.php?rest_route=%2Fwp%2Fv2%2Ftags&post=19143"}],"curies":[{"name":"wp","href":"https:\/\/api.w.org\/{rel}","templated":true}]}}