{"id":19150,"date":"2025-11-11T11:47:01","date_gmt":"2025-11-11T11:47:01","guid":{"rendered":"https:\/\/ladepeche.mr\/?p=19150"},"modified":"2025-11-11T11:47:28","modified_gmt":"2025-11-11T11:47:28","slug":"mauritanie-reactions-apres-la-confirmation-de-la-condamnation-de-lex-president-mohamed-ould-abdel-aziz","status":"publish","type":"post","link":"https:\/\/ladepeche.mr\/?p=19150","title":{"rendered":"Mauritanie: r\u00e9actions apr\u00e8s la confirmation de la condamnation de l\u2019ex-pr\u00e9sident Mohamed ould Abdel Aziz"},"content":{"rendered":"<p>La Cour Supr\u00eame de Mauritanie a confirm\u00e9 la condamnation \u00e0 15 ans de prison ferme de Mohamed Abdel Aziz, ancien pr\u00e9sident de la R\u00e9publique (2009-2019) apr\u00e8s avoir d\u00e9clar\u00e9 le pourvoi de la d\u00e9fense recevable dans la forme et sur le fond. Voici les r\u00e9actions d\u2019un avocat et d\u2019un membre de la soci\u00e9t\u00e9 civile.<br \/>\nLa d\u00e9cision de la haute juridiction infirme partiellement l\u2019arr\u00eat de la Cour d\u2019appel de Nouakchott mais retient l\u2019enrichissement illicite et le blanchiment. La cour d\u2019appel a \u00e9cart\u00e9 l\u2019abus de pouvoir et de trafic d\u2019influence, tout en maintenant la peine prononc\u00e9e en appel.<br \/>\nLa fin de la proc\u00e9dure devant les juridictions pourrait ouvrir la voie \u00e0 une mesure de gr\u00e2ce pr\u00e9sidentielle, avec l\u2019implication des m\u00e9canismes de la soci\u00e9t\u00e9 mauritanienne et peut \u00eatre le coup de main de quelques amis de la Mauritanie.<br \/>\nOfficier g\u00e9n\u00e9raux \u00e0 la retraite form\u00e9s au Maroc, Mohamed Abdel Aziz et Mohamed Cheikh Ghazouani, actuel pr\u00e9sident de la R\u00e9publique, sont des amis de 40 ans.<br \/>\nPour ma\u00eetre L\u00f4 Gourmo, avocat membre du collectif de d\u00e9fense de l\u2019Etat, constitu\u00e9 partie civile \u00abla cour supr\u00eame casse \u00e0 moiti\u00e9 l\u2019arr\u00eat de la cour d\u2019appel de Nouakchott en \u00e9cartant deux charges celles de l\u2019abus de pouvoir et le trafic d\u2019influence. Mais elle a confirme les \u00e9l\u00e9ments essentiels du dossier, \u00e0 savoir l\u2019enrichissement illicite, le blanchiment et le recel, chefs d\u2019accusation sur lesquels repose la sentence de 15 ans de prison ferme\u00bb.<br \/>\nL\u2019avocat signale qu\u2019une condamnation pour abus de pouvoir et trafic d\u2019influence, aurait renvoy\u00e9 aux fonctions du condamn\u00e9 et l\u2019application de l\u2019article 93 de la loi fondamentale (comp\u00e9tence de la Haute Juridiction) d\u00e9j\u00e0 \u00e9cart\u00e9e par le Conseil Constitutionnel.<br \/>\nMohamed Mahmoud Tolba, de Mauritanie Transparency, rappelle la position de son organisation qui \u00abs\u2019attendait \u00e0 un proc\u00e8s plus large, impliquant toutes les personnes qui ont dilapid\u00e9 les biens publics. Il y a beaucoup de responsables impliqu\u00e9s dans ces pratiques de gouvernance, mais on retient seulement le cas de Aziz\u00bb. Il exprime l\u2019espoir que ce proc\u00e8s ouvre une nouvelle \u00e8re dans la gouvernance, malgr\u00e9 ses insuffisances.<br \/>\nPar Amadou Seck (Nouakchott, correspondance)<br \/>\nhttps:\/\/afrique.le360.ma\/politique\/mauritanie-reactions-apres-la-confirmation-de-la-condamnation-de-lex-president-mohamed-ould-abdel_Z5SLYISIFRGKDKFFUOCZMARO34\/<\/p>\n","protected":false},"excerpt":{"rendered":"<p>La Cour Supr\u00eame de Mauritanie a confirm\u00e9 la condamnation \u00e0 15 ans de prison ferme de Mohamed Abdel Aziz, ancien pr\u00e9sident de la R\u00e9publique (2009-2019) apr\u00e8s avoir d\u00e9clar\u00e9 le pourvoi de la d\u00e9fense recevable dans la forme et sur le fond. Voici les r\u00e9actions d\u2019un avocat et d\u2019un membre de la soci\u00e9t\u00e9 civile. La d\u00e9cision &hellip;<\/p>\n","protected":false},"author":2,"featured_media":19151,"comment_status":"open","ping_status":"open","sticky":false,"template":"","format":"standard","meta":{"footnotes":""},"categories":[18,31],"tags":[],"class_list":["post-19150","post","type-post","status-publish","format-standard","has-post-thumbnail","hentry","category-actualites","category-politique-et-reportages"],"_links":{"self":[{"href":"https:\/\/ladepeche.mr\/index.php?rest_route=\/wp\/v2\/posts\/19150","targetHints":{"allow":["GET"]}}],"collection":[{"href":"https:\/\/ladepeche.mr\/index.php?rest_route=\/wp\/v2\/posts"}],"about":[{"href":"https:\/\/ladepeche.mr\/index.php?rest_route=\/wp\/v2\/types\/post"}],"author":[{"embeddable":true,"href":"https:\/\/ladepeche.mr\/index.php?rest_route=\/wp\/v2\/users\/2"}],"replies":[{"embeddable":true,"href":"https:\/\/ladepeche.mr\/index.php?rest_route=%2Fwp%2Fv2%2Fcomments&post=19150"}],"version-history":[{"count":1,"href":"https:\/\/ladepeche.mr\/index.php?rest_route=\/wp\/v2\/posts\/19150\/revisions"}],"predecessor-version":[{"id":19152,"href":"https:\/\/ladepeche.mr\/index.php?rest_route=\/wp\/v2\/posts\/19150\/revisions\/19152"}],"wp:featuredmedia":[{"embeddable":true,"href":"https:\/\/ladepeche.mr\/index.php?rest_route=\/wp\/v2\/media\/19151"}],"wp:attachment":[{"href":"https:\/\/ladepeche.mr\/index.php?rest_route=%2Fwp%2Fv2%2Fmedia&parent=19150"}],"wp:term":[{"taxonomy":"category","embeddable":true,"href":"https:\/\/ladepeche.mr\/index.php?rest_route=%2Fwp%2Fv2%2Fcategories&post=19150"},{"taxonomy":"post_tag","embeddable":true,"href":"https:\/\/ladepeche.mr\/index.php?rest_route=%2Fwp%2Fv2%2Ftags&post=19150"}],"curies":[{"name":"wp","href":"https:\/\/api.w.org\/{rel}","templated":true}]}}