{"id":19153,"date":"2025-11-11T12:46:31","date_gmt":"2025-11-11T12:46:31","guid":{"rendered":"https:\/\/ladepeche.mr\/?p=19153"},"modified":"2025-11-11T12:46:31","modified_gmt":"2025-11-11T12:46:31","slug":"nouakchott-comparution-des-responsables-epingles-par-le-rapport-de-la-cour-des-comptes","status":"publish","type":"post","link":"https:\/\/ladepeche.mr\/?p=19153","title":{"rendered":"Nouakchott : Comparution des responsables \u00e9pingl\u00e9s par le rapport de la Cour des comptes"},"content":{"rendered":"<p>Les responsables cit\u00e9s dans le r\u00e9cent rapport de la Cour des comptes se sont pr\u00e9sent\u00e9s, ce mardi, au Palais de justice de Nouakchott-Ouest pour compara\u00eetre devant le parquet.<\/p>\n<p>Selon des sources judiciaires, la Police des crimes \u00e9conomiques doit remettre au parquet les proc\u00e8s-verbaux de ses enqu\u00eates, afin de permettre \u00e0 ce dernier de statuer sur la suite \u00e0 donner au dossier. Le parquet pourrait ainsi d\u00e9cider d\u2019engager des poursuites et de renvoyer les mis en cause devant un juge d\u2019instruction, de renvoyer le dossier \u00e0 la police pour compl\u00e9ment d\u2019enqu\u00eate, ou encore de le classer sans suite.<\/p>\n<p>Le rapport de la Cour des comptes avait mis en cause une trentaine de fonctionnaires pour mauvaise gestion pr\u00e9sum\u00e9e des deniers publics. \u00c0 la suite de ces r\u00e9v\u00e9lations, le parquet avait ordonn\u00e9, il y a environ trois semaines, l\u2019ouverture d\u2019une enqu\u00eate confi\u00e9e \u00e0 la Police des crimes \u00e9conomiques, avec mission d\u2019entendre les personnes concern\u00e9es et de lui soumettre les conclusions de l\u2019investigation.<\/p>\n<p>Sur la liste transmise par la Cour des comptes figuraient 30 responsables publics. Vingt d\u2019entre eux ont d\u00e9j\u00e0 \u00e9t\u00e9 d\u00e9mis de leurs fonctions, dont onze limog\u00e9s lors du Conseil des ministres extraordinaire tenu le 21 octobre dernier. Cependant, plusieurs auraient \u00e9t\u00e9 injustement m\u00eal\u00e9s \u00e0 ces accusations.<\/p>\n<p>Cette affaire, l\u2019une des plus importantes enqu\u00eates de ces derni\u00e8res ann\u00e9es sur la gouvernance publique, marque une nouvelle \u00e9tape dans la lutte contre la corruption et la mauvaise gestion en Mauritanie.<\/p>\n","protected":false},"excerpt":{"rendered":"<p>Les responsables cit\u00e9s dans le r\u00e9cent rapport de la Cour des comptes se sont pr\u00e9sent\u00e9s, ce mardi, au Palais de justice de Nouakchott-Ouest pour compara\u00eetre devant le parquet. Selon des sources judiciaires, la Police des crimes \u00e9conomiques doit remettre au parquet les proc\u00e8s-verbaux de ses enqu\u00eates, afin de permettre \u00e0 ce dernier de statuer sur &hellip;<\/p>\n","protected":false},"author":2,"featured_media":1435,"comment_status":"open","ping_status":"open","sticky":false,"template":"","format":"standard","meta":{"footnotes":""},"categories":[18,2],"tags":[],"class_list":["post-19153","post","type-post","status-publish","format-standard","has-post-thumbnail","hentry","category-actualites","category-economie"],"_links":{"self":[{"href":"https:\/\/ladepeche.mr\/index.php?rest_route=\/wp\/v2\/posts\/19153","targetHints":{"allow":["GET"]}}],"collection":[{"href":"https:\/\/ladepeche.mr\/index.php?rest_route=\/wp\/v2\/posts"}],"about":[{"href":"https:\/\/ladepeche.mr\/index.php?rest_route=\/wp\/v2\/types\/post"}],"author":[{"embeddable":true,"href":"https:\/\/ladepeche.mr\/index.php?rest_route=\/wp\/v2\/users\/2"}],"replies":[{"embeddable":true,"href":"https:\/\/ladepeche.mr\/index.php?rest_route=%2Fwp%2Fv2%2Fcomments&post=19153"}],"version-history":[{"count":2,"href":"https:\/\/ladepeche.mr\/index.php?rest_route=\/wp\/v2\/posts\/19153\/revisions"}],"predecessor-version":[{"id":19155,"href":"https:\/\/ladepeche.mr\/index.php?rest_route=\/wp\/v2\/posts\/19153\/revisions\/19155"}],"wp:featuredmedia":[{"embeddable":true,"href":"https:\/\/ladepeche.mr\/index.php?rest_route=\/wp\/v2\/media\/1435"}],"wp:attachment":[{"href":"https:\/\/ladepeche.mr\/index.php?rest_route=%2Fwp%2Fv2%2Fmedia&parent=19153"}],"wp:term":[{"taxonomy":"category","embeddable":true,"href":"https:\/\/ladepeche.mr\/index.php?rest_route=%2Fwp%2Fv2%2Fcategories&post=19153"},{"taxonomy":"post_tag","embeddable":true,"href":"https:\/\/ladepeche.mr\/index.php?rest_route=%2Fwp%2Fv2%2Ftags&post=19153"}],"curies":[{"name":"wp","href":"https:\/\/api.w.org\/{rel}","templated":true}]}}