{"id":19162,"date":"2025-11-13T00:37:03","date_gmt":"2025-11-13T00:37:03","guid":{"rendered":"https:\/\/ladepeche.mr\/?p=19162"},"modified":"2025-11-13T00:37:03","modified_gmt":"2025-11-13T00:37:03","slug":"le-president-de-la-republique-la-situation-chez-notre-voisin-le-mali-requiert-notre-soutien-au-nom-des-relations-historiques-privilegiees-entre-les-deux-pays","status":"publish","type":"post","link":"https:\/\/ladepeche.mr\/?p=19162","title":{"rendered":"Le Pr\u00e9sident de la R\u00e9publique: La situation chez notre voisin, le Mali, requiert notre soutien au nom des relations historiques privil\u00e9gi\u00e9es entre les deux pays"},"content":{"rendered":"<p>Dans toutes les \u00e9tapes de la visite au Hodh Chargui, Son Excellence le Pr\u00e9sident de la R\u00e9publique, Monsieur Mohamed Ould Cheikh El-Ghazouani, s\u2019est soumis \u00e0 des s\u00e9ances de questions r\u00e9ponses dans des r\u00e9unions avec les cadres o\u00f9 il a parl\u00e9 \u00e0 chaque fois \u00e0 c\u0153ur ouvert des questions qui occupent \u2013 et pr\u00e9occupent \u2013 que ce soit au niveau national, de la wilaya ou des moughataas visit\u00e9es. A Adel Bagrou puis \u00e0 Bassiknou, c\u2019est la situation de nos concitoyens sur la fronti\u00e8re avec le Mali ou dans ce pays qui a b\u00e9n\u00e9fici\u00e9 d\u2019une lecture g\u00e9opolitique et strat\u00e9gique de Son Excellence qui s\u2019est exprim\u00e9 en ces termes :<\/p>\n<p>\u201d J\u2019ai entendu les interventions des personnes qui ont \u00e9voqu\u00e9 la situation sur la fronti\u00e8re avec le Mali et je leur dis que nous partageons leurs sentiments et ressentiments face \u00e0 cette situation qui impacte grandement, en toute franchise, cette moughataa qui se trouve \u00e0 12\/15 km de la fronti\u00e8re, si ce n\u2019est pas moins.<\/p>\n<p>Dans le cadre de l\u2019int\u00e9r\u00eat que nous accordons \u00e0 la situation sur nos fronti\u00e8res, nous avons envoy\u00e9, \u00e0 maintes reprises, des d\u00e9l\u00e9gations minist\u00e9rielles pour vous expliquer les conditions pr\u00e9sentes d\u2019une situation qui vous touchent particuli\u00e8rement ou, au moins, dont vous ressentez directement les effets.<\/p>\n<p>Je pensais que la situation a \u00e9t\u00e9 suffisamment expliqu\u00e9e mais je ne laisserais pas passer l\u2019opportunit\u00e9 qui m\u2019est offerte par cette visite pour y revenir personnellement.<\/p>\n<p>Ici, \u00e0 Adel Bagrou, nous devons tous comprendre que nous sommes face \u00e0 une situation g\u00e9ographique contre laquelle nous ne pouvons rien.<\/p>\n<p>La proximit\u00e9 d\u2019Adel Bagrou avec la fronti\u00e8re fait qu\u2019il y a des interp\u00e9n\u00e9trations de toutes sortes et l\u2019accumulation d\u2019habitudes et de pratiques de part et d\u2019autre.<\/p>\n<p>Nous concernant, nous sommes des \u00e9leveurs dans une moughataa sylvopastorale par excellence et la richesse dont elle dispose appartient certes \u00e0 ses propri\u00e9taires mais aussi \u00e0 l\u2019Etat et \u00e0 la nation qui en tirent un \u00e9norme profit.<\/p>\n<p>Je voudrais donc qu\u2019on se rappelle que nous et nos fr\u00e8res maliens sommes li\u00e9s, depuis longtemps, avant qu\u2019on devienne des Etats et que nous soyons s\u00e9par\u00e9s par une fronti\u00e8re, par une mobilit\u00e9 mutuellement avantageuse et nous devons leur reconna\u00eetre le m\u00e9rite d\u2019avoir toujours accept\u00e9 que nous p\u00e2turons dans leur espace, ce que nous ne devons pas oubli\u00e9 et n\u2019oublierons jamais.<\/p>\n<p>Mais si, malgr\u00e9 eux, ils se sont trouv\u00e9s dans des conditions difficiles, une situation de guerre que nous connaissons et qu\u2019eux-m\u00eames reconnaissent, il faut se rendre compte que les choses ne peuvent plus \u00eatre ce qu\u2019elles \u00e9taient auparavant. Parce que la situation de guerre impacte tout le monde, m\u00eame nous qui n\u2019y sont pas impliqu\u00e9s, alors que dire d\u2019eux ?<\/p>\n<p>Si nos fr\u00e8res sont en guerre, nous devons compatir avec eux, \u00eatre patients envers eux, les aider m\u00eame \u00e0 sortir de ce mauvais pas, parce que les pays ne peuvent pas se d\u00e9placer et parce que, aussi, les crises surgissent et disparaissent comme elles \u00e9taient venues. Les situations se r\u00e9tablissent, s\u2019am\u00e9liorent, ce qui nous poussent \u00e0 ne pas oublier qu\u2019eux ont toujours fait preuve de bon voisinage, ne chassant et n\u2019exasp\u00e9rant personne.<\/p>\n<p>Mais se trouvant aujourd\u2019hui dans une situation qui les d\u00e9passe eux-m\u00eames, avec un territoire plus vaste que le n\u00f4tre et des groupes terroristes agissant au nord du Mali et dans la zone qui nous est contigu\u00eb, cela cr\u00e9\u00e9 beaucoup de difficult\u00e9s que nous devons comprendre. Ce qu\u2019ils n\u2019ont pu ma\u00eetriser nous pousse \u00e0 comprendre, nous, qu\u2019ils ont des priorit\u00e9s, ce que font des gens m\u00eame en temps de paix.<\/p>\n<p>Donc si, face \u00e0 la situation que je viens de d\u00e9crire, eux pensent que la zone qui nous est contigu\u00eb n\u2019entre pas dans leurs priorit\u00e9s, ce que les ministres auraient d\u00fb vous expliquer, vous aurez d\u00fb, bien avant qu\u2019il y ait des d\u00e9g\u00e2ts, pris la d\u00e9cision de rentrer chez vous.<\/p>\n<p>Votre retour nous aurait pousser \u00e0 trouver des solutions aux probl\u00e8mes d\u2019eau que rencontre le cheptel et, comme l\u2019a signal\u00e9 tant\u00f4t la ministre de l\u2019hydraulique, nous avons deux programmes en mati\u00e8re d\u2019eau, celui qui a \u00e9t\u00e9 inaugur\u00e9 jeudi dernier \u00e0 Nema, dans le cadre de ce programme, et un autre qui concerne le forage de puits art\u00e9siens. J\u2019ai demand\u00e9 \u00e0 la ministre d\u2019envisager un troisi\u00e8me programme interm\u00e9diaire dans les zones frontali\u00e8res o\u00f9 il y a des p\u00e2turages pour y intervenir. Cela ne pose pas de probl\u00e8me mais la s\u00e9curit\u00e9 est plus importante que tout et nous devons travailler \u00e0 nous l\u2019assurer ainsi qu\u2019\u00e0 nos biens en attendant le retour de la paix chez nos voisins \u00e0 qui, je le r\u00e9p\u00e8te encore, nous devons saluer la diligence dont ils ont toujours fait preuve envers nous.<\/p>\n<p>Nos compatriotes au Mali et ici, sur la fronti\u00e8re, sont de trois sortes. Des \u00e9leveurs transhumants habitu\u00e9s \u00e0 se d\u00e9placer au Mali o\u00f9 ils trouvent eau et p\u00e2turages, des commer\u00e7ants install\u00e9s un peu plus loin, \u00e0 Bamako notamment, dont la situation a \u00e9t\u00e9 \u00e9voqu\u00e9e par quelqu\u2019un et sur laquelle je reviendrai plus tard et, enfin, nos fr\u00e8res dont les familles et les racines sont ici mais qui se trouvent au Mali avec la citoyennet\u00e9 de ce pays et avec lesquels nous sommes de tout c\u0153ur. Cette derni\u00e8re cat\u00e9gorie ne dispose certes pas de la nationalit\u00e9 mauritanienne mais elle a des proches ici et nous ressentons tout ce qui les touche et exprimons notre solidarit\u00e9 avec eux mais nous ne devons pas oubli\u00e9 qu\u2019ils sont maliens et que les Etats sont ainsi faits avec des fronti\u00e8res o\u00f9 des familles se trouvant de part et d\u2019autre sont cependant de citoyennet\u00e9s diff\u00e9rentes. S\u2019ils viennent demander notre aide, nous les aiderons de tout notre possible sans oublier cependant qu\u2019ils ne sont pas mauritaniens, c\u2019est \u00e7a la r\u00e9alit\u00e9, en attendant que la situation change ou qu\u2019ils viennent demander une naturalisation, ce qui suit une proc\u00e9dure l\u00e9gale bien connue.<\/p>\n<p>En ce qui concerne la troisi\u00e8me cat\u00e9gorie, les mauritaniens install\u00e9s \u00e0 Bamako, et dont les boutiques sont ferm\u00e9es depuis quelques mois. Je rappelle que, face \u00e0 cette situation, nous avons envoy\u00e9 des ministres notamment celui des affaires \u00e9trang\u00e8res, qui vous a sans doute entretenu de toutes les d\u00e9marches entreprises et de la promesse des autorit\u00e9s maliennes de laisser rouvrir ces boutiques. Vous devez cependant comprendre que les promesses des Etats r\u00e9pondent \u00e0 des dispositions propres qui prennent le temps qu\u2019il faut et nous nous en tenons \u00e0 cet engagement. Nous sommes avec vous et nous ne cesserons d\u2019agir pour vous venir en aide, que vous soyez \u00e0 Bamako ou sur toutes autres parcelles du territoire malien. C\u2019est une action de tout temps inchallah.<\/p>\n<p>A Bassiknou, le pr\u00e9sident de la R\u00e9publique est revenu sur la situation sur la fronti\u00e8re avec le Mali s\u2019exprimant en ces termes :<\/p>\n<p>\u201cJe voudrais ici remercier nos populations sur les fronti\u00e8res et de mani\u00e8re particuli\u00e8re les habitants de Bassiknou pour les grands efforts qu\u2019ils jouaient et continuent \u00e0 jouer dans la transmission du r\u00f4le de l\u2019Etat envers leurs fr\u00e8res et envers leurs voisins. Sans doute que cela a un prix dont la forte pression sur ce qui est disponible pour nos concitoyens, mais vous, avec votre hospitalit\u00e9 et votre compr\u00e9hension, avaient bien voulu partager l\u2019existant, qu\u2019il s\u2019agisse de l\u2019eau ou de l\u2019\u00e9lectricit\u00e9 qui, semble-t-il, subit une forte pression, de l\u2019\u00e9ducation ou de la sant\u00e9. Vous agissez en r\u00e9pondant \u00e0 votre hospitalit\u00e9 mais aussi, je vous le dis, en portant le flambeau de la Mauritanie dans ce qu\u2019elle peut faire pour aider les fr\u00e8res et les voisins, surtout quand ils se trouvent dans une situation difficile. Vous jouez l\u00e0 un r\u00f4le national, nous repr\u00e9sentant de si belle mani\u00e8re dans ce que nous aurons pu faire en ce sens en ce qui concerne l\u2019\u00e9thique et le bon voisinage. Les repr\u00e9sentants du haut commissariat aux r\u00e9fugi\u00e9s qui \u00e9taient l\u00e0 tout \u00e0 l\u2019heure, sont des \u00e9trangers qui savent ce que cela vaut et la pression qui s\u2019en suit. Ils savent surtout, comme l\u2019a dit l\u2019homme tant\u00f4t que c\u2019est la Mauritanie qu\u2019il faut remercier \u00e0 tous les niveaux.<\/p>\n<p>Le ph\u00e9nom\u00e8ne des r\u00e9fugi\u00e9s est d\u2019ampleur mondial. Il se trouve dans des situations particuli\u00e8res de conflits, de crises ou de pression et la destination pour le r\u00e9fugi\u00e9, dans pareils cas, est le voisin, notamment celui susceptible de faire preuve de compassion et de compr\u00e9hension.<\/p>\n<p>L\u2019homme qui parlait tout \u00e0 l\u2019heure, je le connais l\u2019ayant rencontr\u00e9 au Japon o\u00f9 il \u00e9voquait la Mauritanie et Bassiknou, ce qui en soi est une renomm\u00e9e, un acquis pour le pays.<\/p>\n<p>Il y a une base qui ne doit nous \u00e9chapper, celle que l\u2019histoire doit t\u00e9moigner pour vous, non contre vous. Donc, je vous remercie pour cet acte que vous avez fait de vous-m\u00eame et pour l\u2019instinct s\u00e9curitaire dont vous faites preuve et votre disponibilit\u00e9 \u00e0 vous dresser contre tout ce qui est de nature \u00e0 menacer la stabilit\u00e9 et la qui\u00e9tude de votre pays. Nous devons tirer le\u00e7on de tout cela et particuli\u00e8rement que la s\u00e9curit\u00e9 est l\u2019essence de toute chose et sans elle, aucun d\u00e9veloppement n\u2019est envisageable.<\/p>\n<p>Pour pr\u00e9server cette s\u00e9curit\u00e9, nous devons \u00eatre pr\u00eat \u00e0 tous les sacrifices. Dans ce sens, l\u2019Etat mobilise toutes ses ressources pour les forces arm\u00e9es et de s\u00e9curit\u00e9 et notamment dans les zones frontali\u00e8res o\u00f9 cela est une n\u00e9cessit\u00e9 vitale. C\u2019est l\u2019occasion ici de vous demander tous de f\u00e9liciter et de glorifier le r\u00f4le que jouent nos forces arm\u00e9es et de s\u00e9curit\u00e9 dans le maintien de cette s\u00e9curit\u00e9 sur toute l\u2019\u00e9tendue du territoire national et particuli\u00e8rement dans les zones frontali\u00e8res.<\/p>\n<p>Ami<\/p>\n","protected":false},"excerpt":{"rendered":"<p>Dans toutes les \u00e9tapes de la visite au Hodh Chargui, Son Excellence le Pr\u00e9sident de la R\u00e9publique, Monsieur Mohamed Ould Cheikh El-Ghazouani, s\u2019est soumis \u00e0 des s\u00e9ances de questions r\u00e9ponses dans des r\u00e9unions avec les cadres o\u00f9 il a parl\u00e9 \u00e0 chaque fois \u00e0 c\u0153ur ouvert des questions qui occupent \u2013 et pr\u00e9occupent \u2013 que &hellip;<\/p>\n","protected":false},"author":2,"featured_media":19163,"comment_status":"open","ping_status":"open","sticky":false,"template":"","format":"standard","meta":{"footnotes":""},"categories":[18,31],"tags":[],"class_list":["post-19162","post","type-post","status-publish","format-standard","has-post-thumbnail","hentry","category-actualites","category-politique-et-reportages"],"_links":{"self":[{"href":"https:\/\/ladepeche.mr\/index.php?rest_route=\/wp\/v2\/posts\/19162","targetHints":{"allow":["GET"]}}],"collection":[{"href":"https:\/\/ladepeche.mr\/index.php?rest_route=\/wp\/v2\/posts"}],"about":[{"href":"https:\/\/ladepeche.mr\/index.php?rest_route=\/wp\/v2\/types\/post"}],"author":[{"embeddable":true,"href":"https:\/\/ladepeche.mr\/index.php?rest_route=\/wp\/v2\/users\/2"}],"replies":[{"embeddable":true,"href":"https:\/\/ladepeche.mr\/index.php?rest_route=%2Fwp%2Fv2%2Fcomments&post=19162"}],"version-history":[{"count":1,"href":"https:\/\/ladepeche.mr\/index.php?rest_route=\/wp\/v2\/posts\/19162\/revisions"}],"predecessor-version":[{"id":19164,"href":"https:\/\/ladepeche.mr\/index.php?rest_route=\/wp\/v2\/posts\/19162\/revisions\/19164"}],"wp:featuredmedia":[{"embeddable":true,"href":"https:\/\/ladepeche.mr\/index.php?rest_route=\/wp\/v2\/media\/19163"}],"wp:attachment":[{"href":"https:\/\/ladepeche.mr\/index.php?rest_route=%2Fwp%2Fv2%2Fmedia&parent=19162"}],"wp:term":[{"taxonomy":"category","embeddable":true,"href":"https:\/\/ladepeche.mr\/index.php?rest_route=%2Fwp%2Fv2%2Fcategories&post=19162"},{"taxonomy":"post_tag","embeddable":true,"href":"https:\/\/ladepeche.mr\/index.php?rest_route=%2Fwp%2Fv2%2Ftags&post=19162"}],"curies":[{"name":"wp","href":"https:\/\/api.w.org\/{rel}","templated":true}]}}