{"id":19165,"date":"2025-11-13T09:30:21","date_gmt":"2025-11-13T09:30:21","guid":{"rendered":"https:\/\/ladepeche.mr\/?p=19165"},"modified":"2025-11-13T01:14:10","modified_gmt":"2025-11-13T01:14:10","slug":"torture-sexuelle-dans-les-prisons-israeliennes-contre-les-palestiniens","status":"publish","type":"post","link":"https:\/\/ladepeche.mr\/?p=19165","title":{"rendered":"Torture sexuelle dans les prisons isra\u00e9liennes contre les palestiniens"},"content":{"rendered":"<p>Tortures et s\u00e9vices sexuels contre les palestiniens. Une pratique normalis\u00e9e dans les prisons isra\u00e9liennes comme un t\u00e9moigne des r\u00e9v\u00e9lations cit\u00e9es par TRT.<br \/>\nUne Palestinienne de Gaza, r\u00e9cemment lib\u00e9r\u00e9e d&#8217;un centre de d\u00e9tention isra\u00e9lien, a d\u00e9clar\u00e9 avoir subi des violences sexuelles dans les prisons isra\u00e9liennes, selon un communiqu\u00e9 du Centre palestinien pour les droits de l&#8217;homme (PCHR).<\/p>\n<p>Le PCHR a recueilli son t\u00e9moignage, r\u00e9v\u00e9lant ce qu&#8217;il d\u00e9crit comme une \u00ab pratique organis\u00e9e et syst\u00e9matique de torture sexuelle, incluant le viol, le d\u00e9shabillage forc\u00e9, le tournage forc\u00e9 et les agressions sexuelles \u00e0 l&#8217;aide d&#8217;objets et de chiens \u00bb, perp\u00e9tr\u00e9e par des soldats isra\u00e9liens. N.A., \u00e2g\u00e9e de 42 ans, a \u00e9t\u00e9 arr\u00eat\u00e9e en novembre 2024 alors qu&#8217;elle franchissait un point de contr\u00f4le isra\u00e9lien dans le nord de Gaza.<\/p>\n<p>Le PCHR a \u00e9galement signal\u00e9 que des d\u00e9tenus de sexe masculin \u00e9taient vis\u00e9s.<\/p>\n<p>Un autre d\u00e9tenu, M.A., \u00e2g\u00e9 de 18 ans, arr\u00eat\u00e9 par les forces isra\u00e9liennes pr\u00e8s d&#8217;un centre de distribution d&#8217;aide de la Fondation humanitaire de Gaza, a t\u00e9moign\u00e9 que des soldats isra\u00e9liens \u00ab m&#8217;ont ordonn\u00e9, ainsi qu&#8217;\u00e0 six autres d\u00e9tenus, de nous agenouiller, puis nous ont viol\u00e9s en nous ins\u00e9rant une bouteille dans l&#8217;anus \u00bb.<\/p>\n","protected":false},"excerpt":{"rendered":"<p>Tortures et s\u00e9vices sexuels contre les palestiniens. Une pratique normalis\u00e9e dans les prisons isra\u00e9liennes comme un t\u00e9moigne des r\u00e9v\u00e9lations cit\u00e9es par TRT. Une Palestinienne de Gaza, r\u00e9cemment lib\u00e9r\u00e9e d&#8217;un centre de d\u00e9tention isra\u00e9lien, a d\u00e9clar\u00e9 avoir subi des violences sexuelles dans les prisons isra\u00e9liennes, selon un communiqu\u00e9 du Centre palestinien pour les droits de l&#8217;homme &hellip;<\/p>\n","protected":false},"author":2,"featured_media":19166,"comment_status":"open","ping_status":"open","sticky":false,"template":"","format":"standard","meta":{"footnotes":""},"categories":[18,29],"tags":[],"class_list":["post-19165","post","type-post","status-publish","format-standard","has-post-thumbnail","hentry","category-actualites","category-monde"],"_links":{"self":[{"href":"https:\/\/ladepeche.mr\/index.php?rest_route=\/wp\/v2\/posts\/19165","targetHints":{"allow":["GET"]}}],"collection":[{"href":"https:\/\/ladepeche.mr\/index.php?rest_route=\/wp\/v2\/posts"}],"about":[{"href":"https:\/\/ladepeche.mr\/index.php?rest_route=\/wp\/v2\/types\/post"}],"author":[{"embeddable":true,"href":"https:\/\/ladepeche.mr\/index.php?rest_route=\/wp\/v2\/users\/2"}],"replies":[{"embeddable":true,"href":"https:\/\/ladepeche.mr\/index.php?rest_route=%2Fwp%2Fv2%2Fcomments&post=19165"}],"version-history":[{"count":1,"href":"https:\/\/ladepeche.mr\/index.php?rest_route=\/wp\/v2\/posts\/19165\/revisions"}],"predecessor-version":[{"id":19167,"href":"https:\/\/ladepeche.mr\/index.php?rest_route=\/wp\/v2\/posts\/19165\/revisions\/19167"}],"wp:featuredmedia":[{"embeddable":true,"href":"https:\/\/ladepeche.mr\/index.php?rest_route=\/wp\/v2\/media\/19166"}],"wp:attachment":[{"href":"https:\/\/ladepeche.mr\/index.php?rest_route=%2Fwp%2Fv2%2Fmedia&parent=19165"}],"wp:term":[{"taxonomy":"category","embeddable":true,"href":"https:\/\/ladepeche.mr\/index.php?rest_route=%2Fwp%2Fv2%2Fcategories&post=19165"},{"taxonomy":"post_tag","embeddable":true,"href":"https:\/\/ladepeche.mr\/index.php?rest_route=%2Fwp%2Fv2%2Ftags&post=19165"}],"curies":[{"name":"wp","href":"https:\/\/api.w.org\/{rel}","templated":true}]}}