{"id":19168,"date":"2025-11-13T21:46:02","date_gmt":"2025-11-13T21:46:02","guid":{"rendered":"https:\/\/ladepeche.mr\/?p=19168"},"modified":"2025-11-13T21:46:41","modified_gmt":"2025-11-13T21:46:41","slug":"le-luxembourg-et-la-banque-africaine-de-developpement-renforcent-leur-partenariat-pour-promouvoir-la-croissance-durable-de-lafrique-communique","status":"publish","type":"post","link":"https:\/\/ladepeche.mr\/?p=19168","title":{"rendered":"Le Luxembourg et la Bad renforcent leur partenariat pour promouvoir la croissance durable de l&#8217;Afrique (communiqu\u00e9)"},"content":{"rendered":"<p><strong>La collaboration du Luxembourg avec la Banque va au-del\u00e0 des financements concessionnels<br \/>\nAcc\u00e9der au contenu multim\u00e9dia.<\/strong><\/p>\n<p>ABIDJAN, C\u00f4te d&#8217;Ivoire, 10 novembre 2025\/ &#8212; Le pr\u00e9sident du Groupe de la Banque africaine de d\u00e9veloppement (https:\/\/www.AfDB.org), M. Sidi Ould Tah, et le ministre des Finances du Luxembourg, M. Gilles Roth, se sont engag\u00e9s \u00e0 approfondir leur coop\u00e9ration dans le cadre des pr\u00e9paratifs de la dix-septi\u00e8me reconstitution des ressources du Fonds africain de d\u00e9veloppement (FAD-17), le guichet de financement concessionnel du Groupe de la Banque.<\/p>\n<p>Les deux dirigeants se sont rencontr\u00e9s en marge des Assembl\u00e9es annuelles 2025 de la Banque mondiale et du Fonds mon\u00e9taire international \u00e0 Washington, D.C. Cette rencontre bilat\u00e9rale officielle \u00e9tait la premi\u00e8re depuis l&#8217;entr\u00e9e en fonction de M. Ould Tah en septembre.<\/p>\n<p>Les deux hommes ont r\u00e9affirm\u00e9 le partenariat de longue date entre les deux institutions et leur engagement commun en faveur de la coop\u00e9ration multilat\u00e9rale et de la transformation \u00e9conomique de l&#8217;Afrique. Ces entretiens montrent le soutien continu du Luxembourg \u00e0 une croissance durable et inclusive dans les \u00e9conomies les plus vuln\u00e9rables d&#8217;Afrique.<\/p>\n<p>Le Luxembourg demeure l&#8217;un des principaux contributeurs mondiaux de l&#8217;aide publique au d\u00e9veloppement, allouant syst\u00e9matiquement 1 % de son revenu national brut \u00e0 la coop\u00e9ration au d\u00e9veloppement \u2014 bien au-del\u00e0 de l&#8217;objectif de 0,7 % recommand\u00e9 par les Nations unies et le Comit\u00e9 d&#8217;aide au d\u00e9veloppement de l&#8217;Organisation de la coop\u00e9ration pour le d\u00e9veloppement (OCDE). Dans le cadre du FAD-16, la contribution du Luxembourg s&#8217;est \u00e9lev\u00e9e \u00e0 12,7 millions d&#8217;euros, soit une augmentation de 10 % par rapport au cycle pr\u00e9c\u00e9dent, refl\u00e9tant la confiance du pays dans l&#8217;impact du Fonds, notamment en mati\u00e8re d&#8217;action climatique, de gouvernance, d&#8217;\u00e9galit\u00e9 des genres et de d\u00e9veloppement du secteur priv\u00e9.<\/p>\n<p>\u00ab\u2009Les besoins de d\u00e9veloppement de l&#8217;Afrique restent consid\u00e9rables, en particulier dans des domaines tels que l&#8217;\u00e9ducation, l&#8217;\u00e9nergie, la technologie, les infrastructures et la lutte contre le changement climatique\u2009\u00bb, a d\u00e9clar\u00e9 le ministre Roth. \u00ab\u2009Forte de son expertise en mati\u00e8re de finance durable et d&#8217;investissement d&#8217;impact, la place financi\u00e8re luxembourgeoise est bien plac\u00e9e pour canaliser les capitaux priv\u00e9s vers ces priorit\u00e9s. Nous continuerons \u00e0 travailler aux c\u00f4t\u00e9s de la Banque africaine de d\u00e9veloppement pour renforcer le climat d&#8217;investissement en Afrique et construire un avenir plus \u00e9quitable, plus r\u00e9silient et plus durable.\u2009\u00bb<\/p>\n<p>M. Ould Tah a salu\u00e9 le soutien continu du Luxembourg, le qualifiant de \u00ab\u2009partenaire ind\u00e9fectible\u2009\u00bb du Groupe de la Banque africaine de d\u00e9veloppement. \u00ab\u2009Le Luxembourg est un partenaire ind\u00e9fectible du Groupe de la Banque africaine de d\u00e9veloppement. Son leadership en mati\u00e8re de finance durable et son engagement en faveur d&#8217;un multilat\u00e9ralisme efficace continuent de faire une r\u00e9elle diff\u00e9rence sur le continent\u2009\u00bb, a soulign\u00e9 le pr\u00e9sident du Groupe de la Banque. \u00ab\u2009Alors que nous nous acheminons vers la session d&#8217;annonces de contributions au FAD-17 qui se tiendra en d\u00e9cembre, le partenariat du Luxembourg sera essentiel pour mobiliser des ressources qui favorisent la r\u00e9silience, l&#8217;inclusion et la prosp\u00e9rit\u00e9 partag\u00e9e, produisant un impact qui s&#8217;\u00e9tend bien au-del\u00e0 des fronti\u00e8res de l&#8217;Afrique.\u2009\u00bb<\/p>\n<p>La collaboration du Luxembourg avec la Banque va au-del\u00e0 des financements concessionnels. Le pays contribue \u00e9galement au Fonds fiduciaire pour le d\u00e9veloppement des march\u00e9s de capitaux du Groupe de la Banque, dont il est l&#8217;un des deux donateurs fondateurs \u2014 et \u00e0 la Facilit\u00e9 pour l&#8217;inclusion financi\u00e8re num\u00e9rique en Afrique, qui visent tous deux \u00e0 promouvoir l&#8217;innovation financi\u00e8re, \u00e0 \u00e9largir l&#8217;acc\u00e8s aux march\u00e9s et \u00e0 renforcer l&#8217;\u00e9cosyst\u00e8me de l&#8217;investissement priv\u00e9 en Afrique.<\/p>\n<p>Depuis sa cr\u00e9ation en 1972, le Fonds africain de d\u00e9veloppement a financ\u00e9 pr\u00e8s de 3\u2009000 projets pour un montant total de plus de 45 milliards de dollars, connectant les communaut\u00e9s et am\u00e9liorant l&#8217;acc\u00e8s \u00e0 l&#8217;\u00e9nergie propre, \u00e0 l&#8217;alimentation, \u00e0 l&#8217;\u00e9ducation et aux soins de sant\u00e9 \u00e0 travers 37 pays africains, dont pr\u00e8s de la moiti\u00e9 sont fragiles ou touch\u00e9s par des conflits.<\/p>\n<p>Le cycle du FAD-17 vise \u00e0 mobiliser des ressources suppl\u00e9mentaires pour des investissements transformateurs qui cr\u00e9ent des emplois, renforcent la r\u00e9silience et lib\u00e8rent le potentiel \u00e9conomique de l&#8217;Afrique, contribuant ainsi \u00e0 la stabilit\u00e9 mondiale et \u00e0 la promotion d&#8217;une prosp\u00e9rit\u00e9 partag\u00e9e.<br \/>\nDistribu\u00e9 par APO Group pour African Development Bank Group (AfDB).<br \/>\nContact m\u00e9dia :<br \/>\nD\u00e9partement de la communication et des relations ext\u00e9rieures,<br \/>\nmedia@afdb.org<br \/>\nSOURCE<br \/>\nAfrican Development Bank Group (AfDB)<\/p>\n","protected":false},"excerpt":{"rendered":"<p>La collaboration du Luxembourg avec la Banque va au-del\u00e0 des financements concessionnels Acc\u00e9der au contenu multim\u00e9dia. ABIDJAN, C\u00f4te d&#8217;Ivoire, 10 novembre 2025\/ &#8212; Le pr\u00e9sident du Groupe de la Banque africaine de d\u00e9veloppement (https:\/\/www.AfDB.org), M. Sidi Ould Tah, et le ministre des Finances du Luxembourg, M. Gilles Roth, se sont engag\u00e9s \u00e0 approfondir leur coop\u00e9ration &hellip;<\/p>\n","protected":false},"author":2,"featured_media":10121,"comment_status":"open","ping_status":"open","sticky":false,"template":"","format":"standard","meta":{"footnotes":""},"categories":[18,29],"tags":[],"class_list":["post-19168","post","type-post","status-publish","format-standard","has-post-thumbnail","hentry","category-actualites","category-monde"],"_links":{"self":[{"href":"https:\/\/ladepeche.mr\/index.php?rest_route=\/wp\/v2\/posts\/19168","targetHints":{"allow":["GET"]}}],"collection":[{"href":"https:\/\/ladepeche.mr\/index.php?rest_route=\/wp\/v2\/posts"}],"about":[{"href":"https:\/\/ladepeche.mr\/index.php?rest_route=\/wp\/v2\/types\/post"}],"author":[{"embeddable":true,"href":"https:\/\/ladepeche.mr\/index.php?rest_route=\/wp\/v2\/users\/2"}],"replies":[{"embeddable":true,"href":"https:\/\/ladepeche.mr\/index.php?rest_route=%2Fwp%2Fv2%2Fcomments&post=19168"}],"version-history":[{"count":2,"href":"https:\/\/ladepeche.mr\/index.php?rest_route=\/wp\/v2\/posts\/19168\/revisions"}],"predecessor-version":[{"id":19170,"href":"https:\/\/ladepeche.mr\/index.php?rest_route=\/wp\/v2\/posts\/19168\/revisions\/19170"}],"wp:featuredmedia":[{"embeddable":true,"href":"https:\/\/ladepeche.mr\/index.php?rest_route=\/wp\/v2\/media\/10121"}],"wp:attachment":[{"href":"https:\/\/ladepeche.mr\/index.php?rest_route=%2Fwp%2Fv2%2Fmedia&parent=19168"}],"wp:term":[{"taxonomy":"category","embeddable":true,"href":"https:\/\/ladepeche.mr\/index.php?rest_route=%2Fwp%2Fv2%2Fcategories&post=19168"},{"taxonomy":"post_tag","embeddable":true,"href":"https:\/\/ladepeche.mr\/index.php?rest_route=%2Fwp%2Fv2%2Ftags&post=19168"}],"curies":[{"name":"wp","href":"https:\/\/api.w.org\/{rel}","templated":true}]}}