{"id":19171,"date":"2025-11-14T09:09:12","date_gmt":"2025-11-14T09:09:12","guid":{"rendered":"https:\/\/ladepeche.mr\/?p=19171"},"modified":"2025-11-14T09:11:58","modified_gmt":"2025-11-14T09:11:58","slug":"le-tribalisme-en-mauritanie-le-principal-obstacle-a-ledification-dun-etat-moderne","status":"publish","type":"post","link":"https:\/\/ladepeche.mr\/?p=19171","title":{"rendered":"Le tribalisme en Mauritanie : le principal obstacle \u00e0 l\u2019\u00e9dification d\u2019un \u00c9tat moderne"},"content":{"rendered":"<p>Malgr\u00e9 plus de soixante ans d\u2019ind\u00e9pendance, la Mauritanie reste profond\u00e9ment marqu\u00e9e par l\u2019emprise du tribalisme, devenu un frein majeur \u00e0 la construction d\u2019un \u00c9tat de droit, de justice et de d\u00e9veloppement. Alors que le monde avance vers la rationalit\u00e9, la technologie et la citoyennet\u00e9, la Mauritanie semble pi\u00e9g\u00e9e dans les logiques d\u2019all\u00e9geance tribale qui paralysent l\u2019administration, la politique et la coh\u00e9sion sociale.<br \/>\nI \u2013 La tribu : entre h\u00e9ritage historique et probl\u00e8me actuel<br \/>\nHistoriquement, la tribu avait un r\u00f4le positif de protection, de solidarit\u00e9 et de r\u00e9gulation sociale. Mais dans un \u00c9tat moderne, elle est souvent devenue :<br \/>\n&#8211; Un vecteur de client\u00e9lisme et de corruption ;<br \/>\n&#8211; Un moyen d\u2019acc\u00e8s ill\u00e9gitime aux postes et aux ressources ;<br \/>\n&#8211; Une couverture pour l\u2019impunit\u00e9 des corrompus ;<br \/>\n&#8211; Un frein \u00e0 la m\u00e9ritocratie et \u00e0 l\u2019unit\u00e9 nationale.<br \/>\nII \u2013 Cons\u00e9quences du tribalisme sur l\u2019\u00c9tat et la soci\u00e9t\u00e9<br \/>\n1.Disparition de l\u2019\u00e9galit\u00e9 des chances :<br \/>\n le m\u00e9rite est sacrifi\u00e9 au profit de l\u2019appartenance.<br \/>\n2. Perte de confiance dans l\u2019\u00c9tat:<br \/>\n l\u2019institution devient otage de calculs tribaux.<br \/>\n3. D\u00e9sint\u00e9gration du tissu national  :<br \/>\nconflits ethniques, communautaires et sociaux.<br \/>\n4. Blocage du d\u00e9veloppement : projets mal con\u00e7us, mal attribu\u00e9s, mal ex\u00e9cut\u00e9s.<br \/>\nIII \u2013 Comment \u00e9radiquer le tribalisme ?<br \/>\nPour rompre avec cette logique archa\u00efque, il faut une strat\u00e9gie multidimensionnelle :<br \/>\n1. Mesures l\u00e9gislatives:<br \/>\n&#8211; Criminalisation de l\u2019appel au tribalisme dans l\u2019espace public (y compris les r\u00e9seaux sociaux).<br \/>\n&#8211; Lois interdisant l\u2019utilisation de l\u2019origine tribale dans les concours, nominations et \u00e9lections.<br \/>\n&#8211; Sanctions s\u00e9v\u00e8res contre les pratiques de favoritisme tribal.<br \/>\n2. R\u00e9forme de l\u2019administration:<br \/>\n&#8211; Recrutement et promotions uniquement sur crit\u00e8res de comp\u00e9tence.<br \/>\n&#8211; Fin des nominations  d\u2019\u00e9quilibre tribal .<br \/>\n3. R\u00e9forme \u00e9lectorale<br \/>\n&#8211; Interdire les candidatures communautaristes.<br \/>\n&#8211; Adopter un syst\u00e8me repr\u00e9sentatif plus inclusif et citoyen.<br \/>\n4. \u00c9ducation et m\u00e9dias<br \/>\n&#8211; Int\u00e9grer l\u2019\u00e9ducation \u00e0 la citoyennet\u00e9 dans les programmes scolaires.<br \/>\n&#8211; Mobiliser les m\u00e9dias contre les discours de division.<br \/>\n&#8211; Lancer des campagnes nationales contre la mentalit\u00e9 tribale.<br \/>\n5. Justice<br \/>\n&#8211; Renforcer l\u2019ind\u00e9pendance et la neutralit\u00e9 des magistrats .<br \/>\n&#8211; Punir toute discrimination ou discours tribal.<br \/>\n6. Jeunesse et soci\u00e9t\u00e9 civile<br \/>\n&#8211; Soutenir les ONG et mouvements promouvant l\u2019unit\u00e9 nationale.<br \/>\n&#8211; Encourager les jeunes \u00e0 adopter une identit\u00e9 citoyenne \u00e0 travers culture,musique  sport et cr\u00e9ation.<br \/>\n7. Volont\u00e9 politique forte<br \/>\n&#8211; Donner l\u2019exemple au sommet de l\u2019\u00c9tat : nominations et d\u00e9cisions fond\u00e9es sur l\u2019int\u00e9r\u00eat g\u00e9n\u00e9ral.<br \/>\n&#8211; Bannir toute logique de compromis tribal dans les politiques publiques<br \/>\nEn conclusion,la Mauritanie ne peut r\u00e9ussir sa transition vers la modernit\u00e9 que si elle rompt d\u00e9finitivement avec le tribalisme. Il est temps de substituer \u00e0 la logique de la tribu, celle de la nation ; \u00e0 la faveur, le droit ; \u00e0 la parent\u00e9, la comp\u00e9tence et la citoyennet\u00e9.<br \/>\nLa lutte contre le tribalisme ne peut \u00eatre gagn\u00e9e que par une volont\u00e9 ferme, des lois claires, des sanctions r\u00e9elles et un changement profond des mentalit\u00e9s. L\u2019enjeu est existentiel : sans citoyennet\u00e9, pas d\u2019\u00c9tat. Sans \u00e9galit\u00e9, pas de justice. Sans justice, pas de paix ni de d\u00e9veloppement.<\/p>\n<p>Nouakchott le 15 novembre 2025<\/p>\n<p>SEYID OULD ELGHEYLANI<\/p>\n","protected":false},"excerpt":{"rendered":"<p>Malgr\u00e9 plus de soixante ans d\u2019ind\u00e9pendance, la Mauritanie reste profond\u00e9ment marqu\u00e9e par l\u2019emprise du tribalisme, devenu un frein majeur \u00e0 la construction d\u2019un \u00c9tat de droit, de justice et de d\u00e9veloppement. Alors que le monde avance vers la rationalit\u00e9, la technologie et la citoyennet\u00e9, la Mauritanie semble pi\u00e9g\u00e9e dans les logiques d\u2019all\u00e9geance tribale qui paralysent &hellip;<\/p>\n","protected":false},"author":2,"featured_media":19172,"comment_status":"open","ping_status":"open","sticky":false,"template":"","format":"standard","meta":{"footnotes":""},"categories":[18,31],"tags":[],"class_list":["post-19171","post","type-post","status-publish","format-standard","has-post-thumbnail","hentry","category-actualites","category-politique-et-reportages"],"_links":{"self":[{"href":"https:\/\/ladepeche.mr\/index.php?rest_route=\/wp\/v2\/posts\/19171","targetHints":{"allow":["GET"]}}],"collection":[{"href":"https:\/\/ladepeche.mr\/index.php?rest_route=\/wp\/v2\/posts"}],"about":[{"href":"https:\/\/ladepeche.mr\/index.php?rest_route=\/wp\/v2\/types\/post"}],"author":[{"embeddable":true,"href":"https:\/\/ladepeche.mr\/index.php?rest_route=\/wp\/v2\/users\/2"}],"replies":[{"embeddable":true,"href":"https:\/\/ladepeche.mr\/index.php?rest_route=%2Fwp%2Fv2%2Fcomments&post=19171"}],"version-history":[{"count":1,"href":"https:\/\/ladepeche.mr\/index.php?rest_route=\/wp\/v2\/posts\/19171\/revisions"}],"predecessor-version":[{"id":19173,"href":"https:\/\/ladepeche.mr\/index.php?rest_route=\/wp\/v2\/posts\/19171\/revisions\/19173"}],"wp:featuredmedia":[{"embeddable":true,"href":"https:\/\/ladepeche.mr\/index.php?rest_route=\/wp\/v2\/media\/19172"}],"wp:attachment":[{"href":"https:\/\/ladepeche.mr\/index.php?rest_route=%2Fwp%2Fv2%2Fmedia&parent=19171"}],"wp:term":[{"taxonomy":"category","embeddable":true,"href":"https:\/\/ladepeche.mr\/index.php?rest_route=%2Fwp%2Fv2%2Fcategories&post=19171"},{"taxonomy":"post_tag","embeddable":true,"href":"https:\/\/ladepeche.mr\/index.php?rest_route=%2Fwp%2Fv2%2Ftags&post=19171"}],"curies":[{"name":"wp","href":"https:\/\/api.w.org\/{rel}","templated":true}]}}