{"id":1918,"date":"2022-09-14T21:25:10","date_gmt":"2022-09-14T21:25:10","guid":{"rendered":"https:\/\/ladepeche.mr\/?p=1918"},"modified":"2022-09-14T21:25:10","modified_gmt":"2022-09-14T21:25:10","slug":"communique-de-presse-la-france-soutient-la-mauritanie-en-matiere-de-securite-alimentaire","status":"publish","type":"post","link":"https:\/\/ladepeche.mr\/?p=1918","title":{"rendered":"Communiqu\u00e9 de presse : la France soutient la Mauritanie en mati\u00e8re de s\u00e9curit\u00e9 alimentaire"},"content":{"rendered":"<p>Consciente de la crise alimentaire survenue dans le pays en raison de p\u00e9riodes de s\u00e9cheresses r\u00e9p\u00e9t\u00e9es et aggrav\u00e9e par une hausse des prix li\u00e9e \u00e0 l\u2019agression russe en Ukraine, la France a souhait\u00e9, en 2022, fournir une aide exceptionnelle au gouvernement mauritanien.<\/p>\n<p>L\u2019Aide Alimentaire Programm\u00e9e, l\u2019outil financier du Minist\u00e8re de l\u2019Europe et des Affaires Etrang\u00e8res fran\u00e7ais, a ainsi permis d\u2019octroyer 2 400 000 euros \u00e0 diverses organisations (Programme Alimentaire Mondial, Action Contre la Faim, GRDR et Croix Rouge) afin d\u2019intervenir face \u00e0 cette crise dans les wilayas parmi les plus touch\u00e9es \u00e0 savoir le Guidimakha, le Gorgol et le Hodh el Chargui.<\/p>\n<p>Au titre de cet instrument financier, ce sont 4 850 000 euros qui, en quatre ann\u00e9es (p\u00e9riode 2018-2021), avaient d\u00e9j\u00e0 \u00e9t\u00e9 accord\u00e9s par la France en faveur de la s\u00e9curit\u00e9 alimentaire des Mauritaniens.<\/p>\n<p>Le gouvernement mauritanien a, de son c\u00f4t\u00e9, mis en place au printemps 2022 un Plan National de R\u00e9ponse visant \u00e0 att\u00e9nuer les impacts du d\u00e9ficit pluviom\u00e9trique avant et pendant la p\u00e9riode de soudure qui cette ann\u00e9e a \u00e9t\u00e9 particuli\u00e8rement pr\u00e9coce.<\/p>\n<p>L\u2019Agence Fran\u00e7aise de D\u00e9veloppement a contribu\u00e9 \u00e0 hauteur de 2,5 millions d\u2019euros aux transferts en esp\u00e8ces, mis en \u0153uvre par le Commissariat \u00e0 la S\u00e9curit\u00e9 Alimentaire, visant \u00e0 att\u00e9nuer le choc de la soudure en 2022.<\/p>\n<p>En 2023, l\u2019AFD renouvellera cet engagement et est en cours d\u2019instruction d\u2019un projet d\u2019appui au financement des r\u00e9ponses aux catastrophes et diff\u00e9rents chocs que subissent les populations vuln\u00e9rables, pour un montant de 11 \u00e0 15M\u20ac. Ce projet contribuera notamment au Fonds National de R\u00e9ponse aux Crises Alimentaires et Nutritionnelles.<\/p>\n<p>Enfin, il convient de souligner que cette aide s\u2019inscrit en compl\u00e9ment de l\u2019initiative pour la s\u00e9curit\u00e9 alimentaire des pays les plus vuln\u00e9rables, baptis\u00e9e FARM (Food &amp; Agriculture Resilience Mission) et pr\u00e9sent\u00e9e par le Pr\u00e9sident Emmanuel Macron aux chefs d\u2019\u00c9tat et de gouvernement du G7 lors d\u2019un sommet extraordinaire \u00e0 Bruxelles, le jeudi 24 mars dernier.<\/p>\n<p>La Commissaire \u00e0 la S\u00e9curit\u00e9 alimentaire, Mme Fatimetou Mint Khattri, a pris acte de l\u2019important effort consenti par la France en faveur de la Mauritanie dans le domaine de la s\u00e9curit\u00e9 alimentaire et a remerci\u00e9 l\u2019ambassadeur de France, SEM Robert Mouli\u00e9, pour l\u2019aide accord\u00e9e.<\/p>\n<p>L\u2019ambassade de France et le CSA se sont accord\u00e9s pour une coordination accrue afin d\u2019obtenir une meilleure efficacit\u00e9 des actions men\u00e9es en faveur des populations cibles.<\/p>\n<p>Nouakchott, le 14 septembre 2022<\/p>\n<p>Source Ambassade de France en Mauritanie<\/p>\n","protected":false},"excerpt":{"rendered":"<p>Consciente de la crise alimentaire survenue dans le pays en raison de p\u00e9riodes de s\u00e9cheresses r\u00e9p\u00e9t\u00e9es et aggrav\u00e9e par une hausse des prix li\u00e9e \u00e0 l\u2019agression russe en Ukraine, la France a souhait\u00e9, en 2022, fournir une aide exceptionnelle au gouvernement mauritanien. L\u2019Aide Alimentaire Programm\u00e9e, l\u2019outil financier du Minist\u00e8re de l\u2019Europe et des Affaires Etrang\u00e8res &hellip;<\/p>\n","protected":false},"author":2,"featured_media":1919,"comment_status":"open","ping_status":"open","sticky":false,"template":"","format":"standard","meta":{"footnotes":""},"categories":[18,19],"tags":[],"class_list":["post-1918","post","type-post","status-publish","format-standard","has-post-thumbnail","hentry","category-actualites","category-tribune"],"_links":{"self":[{"href":"https:\/\/ladepeche.mr\/index.php?rest_route=\/wp\/v2\/posts\/1918","targetHints":{"allow":["GET"]}}],"collection":[{"href":"https:\/\/ladepeche.mr\/index.php?rest_route=\/wp\/v2\/posts"}],"about":[{"href":"https:\/\/ladepeche.mr\/index.php?rest_route=\/wp\/v2\/types\/post"}],"author":[{"embeddable":true,"href":"https:\/\/ladepeche.mr\/index.php?rest_route=\/wp\/v2\/users\/2"}],"replies":[{"embeddable":true,"href":"https:\/\/ladepeche.mr\/index.php?rest_route=%2Fwp%2Fv2%2Fcomments&post=1918"}],"version-history":[{"count":1,"href":"https:\/\/ladepeche.mr\/index.php?rest_route=\/wp\/v2\/posts\/1918\/revisions"}],"predecessor-version":[{"id":1920,"href":"https:\/\/ladepeche.mr\/index.php?rest_route=\/wp\/v2\/posts\/1918\/revisions\/1920"}],"wp:featuredmedia":[{"embeddable":true,"href":"https:\/\/ladepeche.mr\/index.php?rest_route=\/wp\/v2\/media\/1919"}],"wp:attachment":[{"href":"https:\/\/ladepeche.mr\/index.php?rest_route=%2Fwp%2Fv2%2Fmedia&parent=1918"}],"wp:term":[{"taxonomy":"category","embeddable":true,"href":"https:\/\/ladepeche.mr\/index.php?rest_route=%2Fwp%2Fv2%2Fcategories&post=1918"},{"taxonomy":"post_tag","embeddable":true,"href":"https:\/\/ladepeche.mr\/index.php?rest_route=%2Fwp%2Fv2%2Ftags&post=1918"}],"curies":[{"name":"wp","href":"https:\/\/api.w.org\/{rel}","templated":true}]}}