{"id":19184,"date":"2025-11-16T14:39:49","date_gmt":"2025-11-16T14:39:49","guid":{"rendered":"https:\/\/ladepeche.mr\/?p=19184"},"modified":"2025-11-16T14:39:49","modified_gmt":"2025-11-16T14:39:49","slug":"assaba-les-feux-de-brousse-maitrises-officiel","status":"publish","type":"post","link":"https:\/\/ladepeche.mr\/?p=19184","title":{"rendered":"Assaba : Les feux de brousse maitris\u00e9s (officiel)"},"content":{"rendered":"<p>Les incendies qui se sont d\u00e9clar\u00e9s ces derniers jours dans la commune de Blajmil, relevant de Kankoussa, ont \u00e9t\u00e9 ma\u00eetris\u00e9s dimanche dans le village de T\u2019beibil, apr\u00e8s trois jours d\u2019une mobilisation ininterrompue. L\u2019op\u00e9ration a \u00e9t\u00e9 supervis\u00e9e par le wali de l\u2019Assaba, M. Ahmedou Adahi Khteira, aux c\u00f4t\u00e9s de l\u2019ensemble des autorit\u00e9s administratives et s\u00e9curitaires \u2014 garde, gendarmerie, police, protection civile et services de l\u2019environnement \u2014 ainsi que des habitants mobilis\u00e9s pour contenir les flammes.<br \/>\nDans une d\u00e9claration qui lui est attribu\u00e9e, A.A. Khteira a indiqu\u00e9 que l\u2019incendie avait \u00e9t\u00e9 circonscrit et que les p\u00e2turages proches du village avaient pu \u00eatre prot\u00e9g\u00e9s, m\u00eame si une \u00abbonne partie \u00bb de ces derniers avait tout de m\u00eame \u00e9t\u00e9 perdue. Il a pr\u00e9cis\u00e9 que le bilan des d\u00e9g\u00e2ts n\u2019est pas encore compl\u00e8tement quantifi\u00e9, soulignant que des \u00e9valuations doivent encore \u00eatre men\u00e9es pour cerner l\u2019ampleur des pertes.<br \/>\nLe wali a \u00e9galement lanc\u00e9 un appel aux habitants, les invitant \u00e0 coop\u00e9rer davantage et \u00e0 sensibiliser la population aux dangers des incendies de brousse. Il a annonc\u00e9 que des interventions plus rapides seront organis\u00e9es \u00e0 l\u2019avenir, m\u00eame si certaines infrastructures, comme les routes, ne sont pas encore construites : selon lui, il est essentiel d\u2019ouvrir ces voies imm\u00e9diatement apr\u00e8s la saison des pluies, car elles jouent un r\u00f4le cl\u00e9 dans la protection des p\u00e2turages et permettent de r\u00e9agir plus efficacement face aux d\u00e9parts de feu.<br \/>\nFace \u00e0 cette menace persistante, rappelle-t-on, le gouvernement a r\u00e9cemment approuv\u00e9 un plan national de lutte contre les feux de p\u00e2turages pour 2025-2026, visant \u00e0 renforcer la pr\u00e9vention, am\u00e9liorer les capacit\u00e9s d\u2019intervention et responsabiliser les populations locales. Des initiatives communautaires \u2014 notamment des brigades volontaires et l\u2019am\u00e9nagement de pare-feux \u2014 ont \u00e9galement montr\u00e9 leur efficacit\u00e9 dans plusieurs r\u00e9gions.<br \/>\nLes feux de brousse constituent, chaque ann\u00e9e, un \u00e9norme d\u00e9fi s\u00e9curitaire, environnemental et une manace contre les ressources agro-pastorales du pays.<br \/>\nIls d\u00e9truisent environ 50 300 hectares de p\u00e2turages par an, selon des statistiques r\u00e9centes concernant au moins sept r\u00e9gions du pays. Entre octobre et novembre 2024, les services r\u00e9gionaux de l\u2019environnement ont enregistr\u00e9 46 incendies totalisant 440 km\u00b2 de surfaces br\u00fbl\u00e9es, dont 328 km\u00b2 dans la moughataa de Bassiknou alors que les pertes \u00e9conomiques sont estim\u00e9es de 120 \u00e0 750 millions de MRU.<br \/>\n(avec Ami)<\/p>\n","protected":false},"excerpt":{"rendered":"<p>Les incendies qui se sont d\u00e9clar\u00e9s ces derniers jours dans la commune de Blajmil, relevant de Kankoussa, ont \u00e9t\u00e9 ma\u00eetris\u00e9s dimanche dans le village de T\u2019beibil, apr\u00e8s trois jours d\u2019une mobilisation ininterrompue. L\u2019op\u00e9ration a \u00e9t\u00e9 supervis\u00e9e par le wali de l\u2019Assaba, M. Ahmedou Adahi Khteira, aux c\u00f4t\u00e9s de l\u2019ensemble des autorit\u00e9s administratives et s\u00e9curitaires \u2014 &hellip;<\/p>\n","protected":false},"author":2,"featured_media":19185,"comment_status":"open","ping_status":"open","sticky":false,"template":"","format":"standard","meta":{"footnotes":""},"categories":[18,2,21],"tags":[],"class_list":["post-19184","post","type-post","status-publish","format-standard","has-post-thumbnail","hentry","category-actualites","category-economie","category-fluctuations"],"_links":{"self":[{"href":"https:\/\/ladepeche.mr\/index.php?rest_route=\/wp\/v2\/posts\/19184","targetHints":{"allow":["GET"]}}],"collection":[{"href":"https:\/\/ladepeche.mr\/index.php?rest_route=\/wp\/v2\/posts"}],"about":[{"href":"https:\/\/ladepeche.mr\/index.php?rest_route=\/wp\/v2\/types\/post"}],"author":[{"embeddable":true,"href":"https:\/\/ladepeche.mr\/index.php?rest_route=\/wp\/v2\/users\/2"}],"replies":[{"embeddable":true,"href":"https:\/\/ladepeche.mr\/index.php?rest_route=%2Fwp%2Fv2%2Fcomments&post=19184"}],"version-history":[{"count":1,"href":"https:\/\/ladepeche.mr\/index.php?rest_route=\/wp\/v2\/posts\/19184\/revisions"}],"predecessor-version":[{"id":19186,"href":"https:\/\/ladepeche.mr\/index.php?rest_route=\/wp\/v2\/posts\/19184\/revisions\/19186"}],"wp:featuredmedia":[{"embeddable":true,"href":"https:\/\/ladepeche.mr\/index.php?rest_route=\/wp\/v2\/media\/19185"}],"wp:attachment":[{"href":"https:\/\/ladepeche.mr\/index.php?rest_route=%2Fwp%2Fv2%2Fmedia&parent=19184"}],"wp:term":[{"taxonomy":"category","embeddable":true,"href":"https:\/\/ladepeche.mr\/index.php?rest_route=%2Fwp%2Fv2%2Fcategories&post=19184"},{"taxonomy":"post_tag","embeddable":true,"href":"https:\/\/ladepeche.mr\/index.php?rest_route=%2Fwp%2Fv2%2Ftags&post=19184"}],"curies":[{"name":"wp","href":"https:\/\/api.w.org\/{rel}","templated":true}]}}