{"id":19190,"date":"2025-11-16T14:59:45","date_gmt":"2025-11-16T14:59:45","guid":{"rendered":"https:\/\/ladepeche.mr\/?p=19190"},"modified":"2025-11-16T14:59:45","modified_gmt":"2025-11-16T14:59:45","slug":"liban-les-casques-bleus-accusent-larmee-israelienne-de-leur-avoir-tire-dessus-a-partir-dun-char","status":"publish","type":"post","link":"https:\/\/ladepeche.mr\/?p=19190","title":{"rendered":"Liban : les Casques bleus accusent l&#8217;arm\u00e9e isra\u00e9lienne de leur avoir tir\u00e9 dessus \u00e0 partir d&#8217;un char"},"content":{"rendered":"<p>La Force int\u00e9rimaire des Nations unies au Liban (Finul) a accus\u00e9 l&#8217;arm\u00e9e isra\u00e9lienne, dimanche, d&#8217;avoir tir\u00e9 sur des soldats de la paix &#8220;\u00e0 partir d&#8217;un char Merkava situ\u00e9 pr\u00e8s d&#8217;une position \u00e9tablie par Isra\u00ebl en territoire libanais&#8221;. La force onusienne a exhort\u00e9 Isra\u00ebl &#8220;\u00e0 cesser tout comportement agressif et toute attaque&#8221; contre ou \u00e0 proximit\u00e9 de ses Casques bleus.<br \/>\nLa Force int\u00e9rimaire des Nations unies au Liban (Finul) a accus\u00e9 dimanche l&#8217;arm\u00e9e isra\u00e9lienne d&#8217;avoir ouvert le feu sur certains de ses membres dans le sud du pays \u2013 sans faire de bless\u00e9s \u2013 et a appel\u00e9 Isra\u00ebl \u00e0 cesser toute attaque envers elle. De son c\u00f4t\u00e9, l&#8217;arm\u00e9e isra\u00e9lienne a indiqu\u00e9 ne pas avoir tir\u00e9 &#8220;d\u00e9lib\u00e9r\u00e9ment&#8221; sur des Casques bleus. <\/p>\n<p>Ces derniers \u0153uvrent avec l&#8217;arm\u00e9e libanaise \u00e0 l&#8217;application de l&#8217;accord de cessez-le-feu ayant mis fin le 27 novembre 2024 \u00e0 plus d&#8217;un an de conflit, dont deux mois de guerre ouverte, entre le mouvement pro-iranien Hezbollah et Isra\u00ebl. <\/p>\n<p>&#8220;Ce matin, les Forces de d\u00e9fense isra\u00e9liennes (FDI) ont tir\u00e9 sur des soldats de la paix de la Finul \u00e0 partir d&#8217;un char Merkava situ\u00e9 pr\u00e8s d&#8217;une position \u00e9tablie par Isra\u00ebl en territoire libanais&#8221;, accuse un communiqu\u00e9 de la Finul. La force de l&#8217;ONU pr\u00e9cise que des mitrailleuses lourdes ont tir\u00e9 pr\u00e8s des soldats, mais qu&#8217;ils ont pu quitter les lieux en toute s\u00e9curit\u00e9 lorsque le char s&#8217;est retir\u00e9.<\/p>\n<p>Ces tirs &#8220;constituent une violation grave de la r\u00e9solution 1701 du Conseil de s\u00e9curit\u00e9 des Nations unies&#8221;, a poursuivi la m\u00eame source, en r\u00e9f\u00e9rence \u00e0 la r\u00e9solution de l&#8217;ONU qui a mis fin \u00e0 la guerre de 2006 entre Isra\u00ebl et le Hezbollah et sert de base \u00e0 l&#8217;accord de cessez-le-feu de novembre. <\/p>\n<p>Isra\u00ebl occupe toujours cinq positions dans le sud du Liban<br \/>\nEn vertu de cette r\u00e9solution, seuls l&#8217;arm\u00e9e libanaise et les Casques bleus peuvent se d\u00e9ployer dans le sud du pays du C\u00e8dre, pr\u00e8s de la fronti\u00e8re isra\u00e9lienne.<\/p>\n<p>La Finul a exhort\u00e9 &#8220;l&#8217;arm\u00e9e isra\u00e9lienne \u00e0 cesser tout comportement agressif et toute attaque contre ou \u00e0 proximit\u00e9 des soldats de la paix, qui s&#8217;efforcent de r\u00e9tablir la stabilit\u00e9 que tant Isra\u00ebl que le Liban disent rechercher&#8221;.<\/p>\n<p>Les Nations unies et la France avaient d\u00e9nonc\u00e9 fin octobre des tirs isra\u00e9liens \u00e0 proximit\u00e9 de troupes de la Finul dans le sud du Liban, et en septembre, la force onusienne avait affirm\u00e9 que des drones isra\u00e9liens y avaient largu\u00e9 quatre grenades pr\u00e8s de ses positions, Isra\u00ebl affirmant alors qu&#8217;il n&#8217;y avait eu &#8220;aucun tir intentionnel&#8221; contre elle.<\/p>\n<p>Malgr\u00e9 l&#8217;accord de cessez-le-feu, l&#8217;arm\u00e9e isra\u00e9lienne occupe toujours cinq positions dans le sud du Liban, frontalier du nord d&#8217;Isra\u00ebl, et m\u00e8ne r\u00e9guli\u00e8rement des frappes sur le territoire libanais en affirmant viser le Hezbollah.<\/p>\n<p>Samedi, le Liban a annonc\u00e9 d\u00e9poser plainte devant le Conseil de s\u00e9curit\u00e9 de l&#8217;ONU en raison de la construction d&#8217;un mur dans le sud du Liban par Isra\u00ebl, dont avait fait \u00e9tat la veille la Finul.<\/p>\n<p>France24 Avec AFP<br \/>\nPhoto Google<\/p>\n","protected":false},"excerpt":{"rendered":"<p>La Force int\u00e9rimaire des Nations unies au Liban (Finul) a accus\u00e9 l&#8217;arm\u00e9e isra\u00e9lienne, dimanche, d&#8217;avoir tir\u00e9 sur des soldats de la paix &#8220;\u00e0 partir d&#8217;un char Merkava situ\u00e9 pr\u00e8s d&#8217;une position \u00e9tablie par Isra\u00ebl en territoire libanais&#8221;. La force onusienne a exhort\u00e9 Isra\u00ebl &#8220;\u00e0 cesser tout comportement agressif et toute attaque&#8221; contre ou \u00e0 proximit\u00e9 &hellip;<\/p>\n","protected":false},"author":2,"featured_media":19191,"comment_status":"open","ping_status":"open","sticky":false,"template":"","format":"standard","meta":{"footnotes":""},"categories":[18,29],"tags":[],"class_list":["post-19190","post","type-post","status-publish","format-standard","has-post-thumbnail","hentry","category-actualites","category-monde"],"_links":{"self":[{"href":"https:\/\/ladepeche.mr\/index.php?rest_route=\/wp\/v2\/posts\/19190","targetHints":{"allow":["GET"]}}],"collection":[{"href":"https:\/\/ladepeche.mr\/index.php?rest_route=\/wp\/v2\/posts"}],"about":[{"href":"https:\/\/ladepeche.mr\/index.php?rest_route=\/wp\/v2\/types\/post"}],"author":[{"embeddable":true,"href":"https:\/\/ladepeche.mr\/index.php?rest_route=\/wp\/v2\/users\/2"}],"replies":[{"embeddable":true,"href":"https:\/\/ladepeche.mr\/index.php?rest_route=%2Fwp%2Fv2%2Fcomments&post=19190"}],"version-history":[{"count":1,"href":"https:\/\/ladepeche.mr\/index.php?rest_route=\/wp\/v2\/posts\/19190\/revisions"}],"predecessor-version":[{"id":19192,"href":"https:\/\/ladepeche.mr\/index.php?rest_route=\/wp\/v2\/posts\/19190\/revisions\/19192"}],"wp:featuredmedia":[{"embeddable":true,"href":"https:\/\/ladepeche.mr\/index.php?rest_route=\/wp\/v2\/media\/19191"}],"wp:attachment":[{"href":"https:\/\/ladepeche.mr\/index.php?rest_route=%2Fwp%2Fv2%2Fmedia&parent=19190"}],"wp:term":[{"taxonomy":"category","embeddable":true,"href":"https:\/\/ladepeche.mr\/index.php?rest_route=%2Fwp%2Fv2%2Fcategories&post=19190"},{"taxonomy":"post_tag","embeddable":true,"href":"https:\/\/ladepeche.mr\/index.php?rest_route=%2Fwp%2Fv2%2Ftags&post=19190"}],"curies":[{"name":"wp","href":"https:\/\/api.w.org\/{rel}","templated":true}]}}