{"id":19212,"date":"2025-11-16T16:30:32","date_gmt":"2025-11-16T16:30:32","guid":{"rendered":"https:\/\/ladepeche.mr\/?p=19212"},"modified":"2025-11-16T16:04:35","modified_gmt":"2025-11-16T16:04:35","slug":"la-sonader-lance-un-projet-national-dexportation-de-patates-douces-vers-leurope","status":"publish","type":"post","link":"https:\/\/ladepeche.mr\/?p=19212","title":{"rendered":"La SONADER lance un projet national d\u2019exportation de patates douces vers l\u2019Europe"},"content":{"rendered":"<p>La Soci\u00e9t\u00e9 Nationale pour le D\u00e9veloppement Rural (SONADER) a sign\u00e9, mardi \u00e0 Nouakchott, un protocole de coop\u00e9ration quadripartite visant \u00e0 mettre en place un projet pilote de production et d\u2019exportation de patates douces mauritaniennes vers les march\u00e9s europ\u00e9ens. L\u2019initiative pr\u00e9voit une production d\u00e9passant les 2 000 tonnes d\u00e8s son lancement.<br \/>\nL\u2019accord r\u00e9unit la SONADER, la soci\u00e9t\u00e9 TAP-Export, l\u2019Union Nationale des Professionnels de l\u2019Horticulture (UNIH) et la soci\u00e9t\u00e9 fran\u00e7aise Exomax. Il a \u00e9t\u00e9 sign\u00e9 par le directeur g\u00e9n\u00e9ral de la SONADER, Hamada Ould Didi Ould Sidi Ahmed, Mohamed Lemine Khatari pour TAP-Export, Moulay Moulay Idriss pour l\u2019UNIH, et Alexandre Prat pour Exomax.<br \/>\nLe projet ambitionne de structurer une cha\u00eene de valeur comp\u00e9titive et inclusive, ouvrant aux coop\u00e9ratives agricoles mauritaniennes l\u2019acc\u00e8s \u00e0 des march\u00e9s europ\u00e9ens \u00e0 forte valeur ajout\u00e9e, tout en r\u00e9servant une partie de la production au march\u00e9 national.<br \/>\nSelon le protocole, la SONADER assurera la supervision technique et institutionnelle, ainsi que la mobilisation des infrastructures, dont la mise \u00e0 niveau de la chambre froide de Rosso pour r\u00e9pondre aux standards internationaux.<br \/>\nL\u2019UNIH sera charg\u00e9e d\u2019encadrer coop\u00e9ratives et agriculteurs, notamment en mati\u00e8re de qualit\u00e9 et de certifications GLOBAL G.A.P.<br \/>\nTAP-Export fournira semences, intrants et expertise technique, et s\u2019engagera \u00e0 acheter la r\u00e9colte aupr\u00e8s des producteurs.<br \/>\nDe son c\u00f4t\u00e9, la soci\u00e9t\u00e9 fran\u00e7aise Exomax prendra en charge la commercialisation sur les march\u00e9s europ\u00e9ens, notamment via le March\u00e9 International de Rungis.<br \/>\nLa mise en \u0153uvre du projet est pr\u00e9vue pour la campagne agricole 2025-2026, avec une possibilit\u00e9 de renouvellement. Cette initiative repr\u00e9sente une avanc\u00e9e majeure pour l\u2019int\u00e9gration des produits agricoles mauritaniens dans les cha\u00eenes d\u2019exportation mondiales et pour le renforcement des capacit\u00e9s des coop\u00e9ratives locales.<\/p>\n","protected":false},"excerpt":{"rendered":"<p>La Soci\u00e9t\u00e9 Nationale pour le D\u00e9veloppement Rural (SONADER) a sign\u00e9, mardi \u00e0 Nouakchott, un protocole de coop\u00e9ration quadripartite visant \u00e0 mettre en place un projet pilote de production et d\u2019exportation de patates douces mauritaniennes vers les march\u00e9s europ\u00e9ens. L\u2019initiative pr\u00e9voit une production d\u00e9passant les 2 000 tonnes d\u00e8s son lancement. L\u2019accord r\u00e9unit la SONADER, la &hellip;<\/p>\n","protected":false},"author":2,"featured_media":19214,"comment_status":"open","ping_status":"open","sticky":false,"template":"","format":"standard","meta":{"footnotes":""},"categories":[18,2],"tags":[],"class_list":["post-19212","post","type-post","status-publish","format-standard","has-post-thumbnail","hentry","category-actualites","category-economie"],"_links":{"self":[{"href":"https:\/\/ladepeche.mr\/index.php?rest_route=\/wp\/v2\/posts\/19212","targetHints":{"allow":["GET"]}}],"collection":[{"href":"https:\/\/ladepeche.mr\/index.php?rest_route=\/wp\/v2\/posts"}],"about":[{"href":"https:\/\/ladepeche.mr\/index.php?rest_route=\/wp\/v2\/types\/post"}],"author":[{"embeddable":true,"href":"https:\/\/ladepeche.mr\/index.php?rest_route=\/wp\/v2\/users\/2"}],"replies":[{"embeddable":true,"href":"https:\/\/ladepeche.mr\/index.php?rest_route=%2Fwp%2Fv2%2Fcomments&post=19212"}],"version-history":[{"count":2,"href":"https:\/\/ladepeche.mr\/index.php?rest_route=\/wp\/v2\/posts\/19212\/revisions"}],"predecessor-version":[{"id":19215,"href":"https:\/\/ladepeche.mr\/index.php?rest_route=\/wp\/v2\/posts\/19212\/revisions\/19215"}],"wp:featuredmedia":[{"embeddable":true,"href":"https:\/\/ladepeche.mr\/index.php?rest_route=\/wp\/v2\/media\/19214"}],"wp:attachment":[{"href":"https:\/\/ladepeche.mr\/index.php?rest_route=%2Fwp%2Fv2%2Fmedia&parent=19212"}],"wp:term":[{"taxonomy":"category","embeddable":true,"href":"https:\/\/ladepeche.mr\/index.php?rest_route=%2Fwp%2Fv2%2Fcategories&post=19212"},{"taxonomy":"post_tag","embeddable":true,"href":"https:\/\/ladepeche.mr\/index.php?rest_route=%2Fwp%2Fv2%2Ftags&post=19212"}],"curies":[{"name":"wp","href":"https:\/\/api.w.org\/{rel}","templated":true}]}}