{"id":19231,"date":"2025-11-19T13:30:58","date_gmt":"2025-11-19T13:30:58","guid":{"rendered":"https:\/\/ladepeche.mr\/?p=19231"},"modified":"2025-11-19T12:54:58","modified_gmt":"2025-11-19T12:54:58","slug":"lonu-appelle-a-lunion-face-a-la-montee-du-terrorisme-au-sahel","status":"publish","type":"post","link":"https:\/\/ladepeche.mr\/?p=19231","title":{"rendered":"L\u2019ONU appelle \u00e0 l&#8217;union face \u00e0 la mont\u00e9e du terrorisme au Sahel"},"content":{"rendered":"<p>Le secr\u00e9taire g\u00e9n\u00e9ral de l\u2019ONU appelle \u00e0 l&#8217;union avec les pays du sahel pour faire face \u00e0 la mont\u00e9e du terrorisme. Mardi, \u00e0 Bel\u00e9m au Br\u00e9sil, Antonio Guterres a fait l&#8217;\u00e9tat des lieux sur les attaques djihadistes au Mali Burkina Faso et Niger.<\/p>\n<p>&#8220;Nous sommes confront\u00e9s au risque d&#8217;un effet domino d\u00e9sastreux dans toute la r\u00e9gion. De nombreux pays sont \u00e9branl\u00e9s. Le terrorisme au Sahel n&#8217;est pas seulement une r\u00e9alit\u00e9 r\u00e9gionale dramatique. Les liens de plus en plus \u00e9troits entre ses groupes en Afrique et au-del\u00e0 en font une menace mondiale croissante&#8221;. &#8230; le Sahel repr\u00e9sente 19 % des attaques terroristes mondiales et plus de la moiti\u00e9 des victimes li\u00e9es au terrorisme dans le monde. Cette violence et cette instabilit\u00e9 engendrent des souffrances massives&#8221;, a d\u00e9clar\u00e9 Ant\u00f3nio Guterres, Secr\u00e9taire g\u00e9n\u00e9ral des Nations Unies.<br \/>\nFace \u00e0 la situation r\u00e9gionale, la Communaut\u00e9 \u00e9conomique des \u00c9tats de l&#8217;Afrique de l&#8217;Ouest (CEDEAO) sollicite la communaut\u00e9 internationale pour r\u00e9tablir la confiance entre les diff\u00e9rentes parties.<\/p>\n<p>&#8220;Malheureusement, la situation dans notre r\u00e9gion est caract\u00e9ris\u00e9e par la m\u00e9fiance et un niveau \u00e9lev\u00e9 de suspicion entre les parties prenantes. C&#8217;est pourquoi je voudrais appeler les membres de ce Conseil, et en fait la communaut\u00e9 internationale dans son ensemble, \u00e0 nous aider \u00e0 instaurer la confiance. Aucune somme d&#8217;argent, aucun \u00e9quipement ne nous aidera \u00e0 vaincre le terrorisme si nous ne collaborons pas et si nous ne cr\u00e9ons pas de synergies&#8221;, clame Omar Alieu Touray, pr\u00e9sident de la Commission de la CEDEAO.<\/p>\n<p>En six ans, le nombre d\u2019attaques djihadistes au Sahel est pass\u00e9 de 1 900 en 2019, entre le Mali et le Burkina Faso, \u00e0 plus de 5 500 en 2024 et 3 800 avant le 10 octobre dernier, selon l&#8217;ONU.<br \/>\nhttps:\/\/www.msn.com\/fr-xl\/actualite\/other\/l-onu-appelle-%C3%A0-l-union-face-%C3%A0-la-mont%C3%A9e-du-terrorisme-au-sahel\/ar-AA1QJwyn?ocid=msedgntp&#038;pc=U531&#038;cvid=691daf1556e64b31b12ff05ff48ee24e&#038;ei=27<\/p>\n","protected":false},"excerpt":{"rendered":"<p>Le secr\u00e9taire g\u00e9n\u00e9ral de l\u2019ONU appelle \u00e0 l&#8217;union avec les pays du sahel pour faire face \u00e0 la mont\u00e9e du terrorisme. Mardi, \u00e0 Bel\u00e9m au Br\u00e9sil, Antonio Guterres a fait l&#8217;\u00e9tat des lieux sur les attaques djihadistes au Mali Burkina Faso et Niger. &#8220;Nous sommes confront\u00e9s au risque d&#8217;un effet domino d\u00e9sastreux dans toute la &hellip;<\/p>\n","protected":false},"author":2,"featured_media":19232,"comment_status":"open","ping_status":"open","sticky":false,"template":"","format":"standard","meta":{"footnotes":""},"categories":[18,29,28],"tags":[],"class_list":["post-19231","post","type-post","status-publish","format-standard","has-post-thumbnail","hentry","category-actualites","category-monde","category-sahel"],"_links":{"self":[{"href":"https:\/\/ladepeche.mr\/index.php?rest_route=\/wp\/v2\/posts\/19231","targetHints":{"allow":["GET"]}}],"collection":[{"href":"https:\/\/ladepeche.mr\/index.php?rest_route=\/wp\/v2\/posts"}],"about":[{"href":"https:\/\/ladepeche.mr\/index.php?rest_route=\/wp\/v2\/types\/post"}],"author":[{"embeddable":true,"href":"https:\/\/ladepeche.mr\/index.php?rest_route=\/wp\/v2\/users\/2"}],"replies":[{"embeddable":true,"href":"https:\/\/ladepeche.mr\/index.php?rest_route=%2Fwp%2Fv2%2Fcomments&post=19231"}],"version-history":[{"count":1,"href":"https:\/\/ladepeche.mr\/index.php?rest_route=\/wp\/v2\/posts\/19231\/revisions"}],"predecessor-version":[{"id":19233,"href":"https:\/\/ladepeche.mr\/index.php?rest_route=\/wp\/v2\/posts\/19231\/revisions\/19233"}],"wp:featuredmedia":[{"embeddable":true,"href":"https:\/\/ladepeche.mr\/index.php?rest_route=\/wp\/v2\/media\/19232"}],"wp:attachment":[{"href":"https:\/\/ladepeche.mr\/index.php?rest_route=%2Fwp%2Fv2%2Fmedia&parent=19231"}],"wp:term":[{"taxonomy":"category","embeddable":true,"href":"https:\/\/ladepeche.mr\/index.php?rest_route=%2Fwp%2Fv2%2Fcategories&post=19231"},{"taxonomy":"post_tag","embeddable":true,"href":"https:\/\/ladepeche.mr\/index.php?rest_route=%2Fwp%2Fv2%2Ftags&post=19231"}],"curies":[{"name":"wp","href":"https:\/\/api.w.org\/{rel}","templated":true}]}}