{"id":19291,"date":"2025-11-20T13:32:49","date_gmt":"2025-11-20T13:32:49","guid":{"rendered":"https:\/\/ladepeche.mr\/?p=19291"},"modified":"2025-11-20T21:51:15","modified_gmt":"2025-11-20T21:51:15","slug":"infrastructures-le-projet-moudoun-au-creux-de-la-vague","status":"publish","type":"post","link":"https:\/\/ladepeche.mr\/?p=19291","title":{"rendered":"Infrastructures : le projet \u00abMoudoun \u00bb au creux de la vague !"},"content":{"rendered":"<p>Le 13 novembre, la ministre de l\u2019Habitat, de l\u2019Urbanisme et de l\u2019Am\u00e9nagement du Territoire, Naha Mint Meknass, a re\u00e7u \u00e0 Nouakchott une mission de la Banque mondiale conduite par Emily Jordan, experte en d\u00e9veloppement urbain.<br \/>\nOfficiellement, les discussions ont port\u00e9 sur la coop\u00e9ration en cours. Officieusement, le projet \u201cMoudoun\u201d semble avoir occup\u00e9 une place de premier plan dans les \u00e9changes entre les deux responsables.<br \/>\nLanc\u00e9 en 2020 pour une dur\u00e9e de cinq ans, ce programme de 71 millions USD, cofinanc\u00e9 par la Banque mondiale et le gouvernement mauritanien, vise \u00e0 renforcer la d\u00e9centralisation et \u00e0 soutenir le d\u00e9veloppement de sept villes interm\u00e9diaires.<\/p>\n<p><strong>Un projet rattrap\u00e9 par des questions de gouvernance<\/strong><br \/>\nSelon des \u00e9l\u00e9ments attribu\u00e9s \u00e0 l\u2019enqu\u00eate de l\u2019IGE, la gestion du projet fait l\u2019objet de remarques critiques, \u00e9voquant des pratiques de gouvernance, des situations de conflit d\u2019int\u00e9r\u00eats et des soup\u00e7ons de favoritisme.<br \/>\nPour l\u2019heure, aucun commentaire officiel n\u2019a \u00e9t\u00e9 publi\u00e9 sur ces observations, mais elles alimentent un d\u00e9bat grandissant autour du programme.<br \/>\nSignalons l\u2019absence de l\u2019ancien directeur g\u00e9n\u00e9ral lors de l\u2019audience minist\u00e9rielle. Il a laiss\u00e9 la place \u00e0 un nouveau coordinateur, Ahmed Taher Ould Khayar, administrateur des R\u00e9gies financi\u00e8res.<br \/>\nCertaines sources \u00e9voquent la simple expiration d\u2019un mandat de cinq ans ; d\u2019autres y voient une d\u00e9cision li\u00e9e aux tensions entourant le projet.<\/p>\n<p><strong>Une affaire qui refait surface<\/strong><br \/>\nL\u2019affaire remonte donc \u00e0 plus loin dans le temps. Elle avait d\u00e9j\u00e0 \u00e9merg\u00e9 en octobre 2025, avant d\u2019\u00eatre \u00e9clips\u00e9e, &#8220;noy\u00e9e&#8221; par la publication du rapport de la Cour des comptes, soutiennent certaines sources inform\u00e9es. Sa r\u00e9surgence intervient dans un climat particuli\u00e8rement sensible, marqu\u00e9 par les attentes d&#8217;un autre rapport de l\u2019IGE sur la gestion des deniers publics et les engagements de transparence r\u00e9it\u00e9r\u00e9s r\u00e9cemment par le pr\u00e9sident de la R\u00e9publique lors de sa tourn\u00e9e dans le Hodh Charghi pour une reddition des comptes.<br \/>\n\u00c0 mesure que les investigations se poursuivent, le dossier \u00ab Moudoun \u00bb pourrait bien demeurer sous le feu des projecteurs, port\u00e9 par une opinion publique en qu\u00eate de clart\u00e9 sur l\u2019un des projets majeurs de la politique d\u2019am\u00e9nagement du territoire.<\/p>\n","protected":false},"excerpt":{"rendered":"<p>Le 13 novembre, la ministre de l\u2019Habitat, de l\u2019Urbanisme et de l\u2019Am\u00e9nagement du Territoire, Naha Mint Meknass, a re\u00e7u \u00e0 Nouakchott une mission de la Banque mondiale conduite par Emily Jordan, experte en d\u00e9veloppement urbain. Officiellement, les discussions ont port\u00e9 sur la coop\u00e9ration en cours. Officieusement, le projet \u201cMoudoun\u201d semble avoir occup\u00e9 une place de &hellip;<\/p>\n","protected":false},"author":2,"featured_media":19292,"comment_status":"open","ping_status":"open","sticky":false,"template":"","format":"standard","meta":{"footnotes":""},"categories":[18,2],"tags":[],"class_list":["post-19291","post","type-post","status-publish","format-standard","has-post-thumbnail","hentry","category-actualites","category-economie"],"_links":{"self":[{"href":"https:\/\/ladepeche.mr\/index.php?rest_route=\/wp\/v2\/posts\/19291","targetHints":{"allow":["GET"]}}],"collection":[{"href":"https:\/\/ladepeche.mr\/index.php?rest_route=\/wp\/v2\/posts"}],"about":[{"href":"https:\/\/ladepeche.mr\/index.php?rest_route=\/wp\/v2\/types\/post"}],"author":[{"embeddable":true,"href":"https:\/\/ladepeche.mr\/index.php?rest_route=\/wp\/v2\/users\/2"}],"replies":[{"embeddable":true,"href":"https:\/\/ladepeche.mr\/index.php?rest_route=%2Fwp%2Fv2%2Fcomments&post=19291"}],"version-history":[{"count":2,"href":"https:\/\/ladepeche.mr\/index.php?rest_route=\/wp\/v2\/posts\/19291\/revisions"}],"predecessor-version":[{"id":19300,"href":"https:\/\/ladepeche.mr\/index.php?rest_route=\/wp\/v2\/posts\/19291\/revisions\/19300"}],"wp:featuredmedia":[{"embeddable":true,"href":"https:\/\/ladepeche.mr\/index.php?rest_route=\/wp\/v2\/media\/19292"}],"wp:attachment":[{"href":"https:\/\/ladepeche.mr\/index.php?rest_route=%2Fwp%2Fv2%2Fmedia&parent=19291"}],"wp:term":[{"taxonomy":"category","embeddable":true,"href":"https:\/\/ladepeche.mr\/index.php?rest_route=%2Fwp%2Fv2%2Fcategories&post=19291"},{"taxonomy":"post_tag","embeddable":true,"href":"https:\/\/ladepeche.mr\/index.php?rest_route=%2Fwp%2Fv2%2Ftags&post=19291"}],"curies":[{"name":"wp","href":"https:\/\/api.w.org\/{rel}","templated":true}]}}