{"id":19294,"date":"2025-11-20T16:27:25","date_gmt":"2025-11-20T16:27:25","guid":{"rendered":"https:\/\/ladepeche.mr\/?p=19294"},"modified":"2025-11-20T16:27:25","modified_gmt":"2025-11-20T16:27:25","slug":"politique-seydna-ali-relaxe","status":"publish","type":"post","link":"https:\/\/ladepeche.mr\/?p=19294","title":{"rendered":"Politique: Seydna Ali relax\u00e9"},"content":{"rendered":"<p>L\u2019ancien ministre Seyidna Ali Ould Mohamed Khouna a retrouv\u00e9 la libert\u00e9, selon des sources proches du dossier. Sa remise en libert\u00e9 constitue une nouvelle \u00e9tape dans une affaire qui, depuis plusieurs ann\u00e9es, occupe une place importante dans le d\u00e9bat politique national.<br \/>\nProche parmi les proches de l\u2019ex-pr\u00e9sident Mohamed Ould Abdel Aziz, il faisait partie des rares membres de son gouvernement \u00e0 lui \u00eatre rest\u00e9s fid\u00e8les malgr\u00e9 ses ennuis judiciaires et politiques. Au fil des derni\u00e8res ann\u00e9es, Seyidna Ali Ould Mohamed Khouna avait \u00e9t\u00e9 interpell\u00e9 \u00e0 plusieurs reprises.<br \/>\nSa derni\u00e8re p\u00e9riode de d\u00e9tention, d\u2019une dur\u00e9e d\u2019environ trois mois, avait provoqu\u00e9 de vives r\u00e9actions dans son cercle familial et parmi les partisans de l\u2019ancien r\u00e9gime.<br \/>\nD\u2019apr\u00e8s les m\u00eames sources, sa lib\u00e9ration a \u00e9t\u00e9 accueillie avec un profond soulagement par ses proches. Les observateurs, pour leur part, scrutent d\u00e9sormais les \u00e9ventuelles r\u00e9percussions politiques de cet \u00e9v\u00e9nement, dans un contexte o\u00f9 les dossiers impliquant les responsables de l\u2019\u00e8re Aziz demeurent particuli\u00e8rement sensibles<br \/>\n(avec m\u00e9dias)<\/p>\n","protected":false},"excerpt":{"rendered":"<p>L\u2019ancien ministre Seyidna Ali Ould Mohamed Khouna a retrouv\u00e9 la libert\u00e9, selon des sources proches du dossier. Sa remise en libert\u00e9 constitue une nouvelle \u00e9tape dans une affaire qui, depuis plusieurs ann\u00e9es, occupe une place importante dans le d\u00e9bat politique national. Proche parmi les proches de l\u2019ex-pr\u00e9sident Mohamed Ould Abdel Aziz, il faisait partie des &hellip;<\/p>\n","protected":false},"author":2,"featured_media":19295,"comment_status":"open","ping_status":"open","sticky":false,"template":"","format":"standard","meta":{"footnotes":""},"categories":[18,31],"tags":[],"class_list":["post-19294","post","type-post","status-publish","format-standard","has-post-thumbnail","hentry","category-actualites","category-politique-et-reportages"],"_links":{"self":[{"href":"https:\/\/ladepeche.mr\/index.php?rest_route=\/wp\/v2\/posts\/19294","targetHints":{"allow":["GET"]}}],"collection":[{"href":"https:\/\/ladepeche.mr\/index.php?rest_route=\/wp\/v2\/posts"}],"about":[{"href":"https:\/\/ladepeche.mr\/index.php?rest_route=\/wp\/v2\/types\/post"}],"author":[{"embeddable":true,"href":"https:\/\/ladepeche.mr\/index.php?rest_route=\/wp\/v2\/users\/2"}],"replies":[{"embeddable":true,"href":"https:\/\/ladepeche.mr\/index.php?rest_route=%2Fwp%2Fv2%2Fcomments&post=19294"}],"version-history":[{"count":1,"href":"https:\/\/ladepeche.mr\/index.php?rest_route=\/wp\/v2\/posts\/19294\/revisions"}],"predecessor-version":[{"id":19296,"href":"https:\/\/ladepeche.mr\/index.php?rest_route=\/wp\/v2\/posts\/19294\/revisions\/19296"}],"wp:featuredmedia":[{"embeddable":true,"href":"https:\/\/ladepeche.mr\/index.php?rest_route=\/wp\/v2\/media\/19295"}],"wp:attachment":[{"href":"https:\/\/ladepeche.mr\/index.php?rest_route=%2Fwp%2Fv2%2Fmedia&parent=19294"}],"wp:term":[{"taxonomy":"category","embeddable":true,"href":"https:\/\/ladepeche.mr\/index.php?rest_route=%2Fwp%2Fv2%2Fcategories&post=19294"},{"taxonomy":"post_tag","embeddable":true,"href":"https:\/\/ladepeche.mr\/index.php?rest_route=%2Fwp%2Fv2%2Ftags&post=19294"}],"curies":[{"name":"wp","href":"https:\/\/api.w.org\/{rel}","templated":true}]}}