{"id":19302,"date":"2025-11-21T09:25:53","date_gmt":"2025-11-21T09:25:53","guid":{"rendered":"https:\/\/ladepeche.mr\/?p=19302"},"modified":"2025-11-21T09:25:53","modified_gmt":"2025-11-21T09:25:53","slug":"ghazouani-les-walis-doivent-assumer-leurs-missions","status":"publish","type":"post","link":"https:\/\/ladepeche.mr\/?p=19302","title":{"rendered":"Ghazouani: les walis doivent assumer leurs missions"},"content":{"rendered":"<p>Le pr\u00e9sident de la R\u00e9publique, Mohamed Ould Cheikh El Ghazouani, a pr\u00e9sid\u00e9 jeudi apr\u00e8s-midi une r\u00e9union avec les walis des diff\u00e9rentes r\u00e9gions du pays pour leur rappeler ses attentes pour hisser la citoyennet\u00e9, la qualit\u00e9 des services et l\u2019efficacit\u00e9 administrative au premier chef de leurs pr\u00e9occupations.<br \/>\nLe pr\u00e9sident s\u2019exprimait \u00e0 la lumi\u00e8re de son programme \u00ab Mon ambition pour la patrie \u00bb et de ses \u00e9changes pr\u00e9c\u00e9dents avec eux pour booster la performance de l\u2019administration territoriale et la qualit\u00e9 des services publics fournis aux citoyens. Pour lui atteindre ses objectifs signifie que les walis assument leurs missions d\u00e9volues.<br \/>\nLe pr\u00e9sident a fait savoir que ces questions ont \u00e9t\u00e9 soulev\u00e9es lors de sa derni\u00e8re tourn\u00e9e dans la plus grande r\u00e9gion du pays : le Hodh Charghi. Mais le pr\u00e9sident a encore pr\u00e9cis\u00e9 que ses messages dispens\u00e9s pendant la visite \u00e9taient \u00e9galement adress\u00e9s aux responsables publics, appel\u00e9s tous, \u00e0 contribuer \u00e0 la consolidation d\u2019un \u00c9tat de droit et de citoyennet\u00e9.<\/p>\n<p><strong>Enracinement de la citoyennet\u00e9<\/strong><br \/>\nLe Pr\u00e9sident a insist\u00e9 sur la n\u00e9cessit\u00e9 de placer la citoyennet\u00e9 au c\u0153ur de l\u2019action publique. Dans un \u00c9tat de droit, a-t-il rappel\u00e9, l\u2019appartenance nationale doit primer sur toutes les identit\u00e9s secondaires. Les populations doivent \u00eatre trait\u00e9es de mani\u00e8re \u00e9quitable, dans le respect de leurs droits et de leurs devoirs, ind\u00e9pendamment de toute autre consid\u00e9ration.<br \/>\nIl a ainsi appel\u00e9 les walis \u00e0 assumer pleinement leurs responsabilit\u00e9s pour promouvoir cette vision et combattre toute forme de comportement contraire, en particulier lorsqu\u2019il provient d\u2019agents de l\u2019\u00c9tat. Il ne s\u2019agit pas de s\u2019opposer aux structures sociales traditionnelles, a soulign\u00e9 le Pr\u00e9sident, mais de lutter contre leurs d\u00e9rives lorsqu\u2019elles menacent l\u2019unit\u00e9 nationale, l\u2019autorit\u00e9 de l\u2019\u00c9tat ou le d\u00e9veloppement, comme dans les cas de monopole de terres agricoles, de points d\u2019eau ou d\u2019obstacles \u00e0 l\u2019exploitation des ressources naturelles.<\/p>\n<p><strong>Retour sur l\u2019\u00e9tat d\u2019avancement des dossiers prioritaires<\/strong><br \/>\nAu cours de la r\u00e9union, les walis ont pr\u00e9sent\u00e9 leurs rapports sur l\u2019application des directives issues de la pr\u00e9c\u00e9dente rencontre. Parmi les dossiers pass\u00e9s en revue figuraient l\u2019\u00e9cole r\u00e9publicaine, la protection des p\u00e2turages, la gestion de l\u2019immigration et de la r\u00e9sidence des \u00e9trangers, ainsi que l\u2019agriculture, notamment l\u2019utilisation rationnelle des \u00e9quipements mis \u00e0 disposition au niveau r\u00e9gional.<br \/>\nLe Pr\u00e9sident a \u00e9galement exhort\u00e9 les walis, en leur qualit\u00e9 de repr\u00e9sentants du chef de l\u2019\u00c9tat et du gouvernement, \u00e0 intensifier leurs efforts de communication directe avec les citoyens et \u00e0 multiplier les visites de terrain. L&#8217;administration territoriale, a-t-il rappel\u00e9, constitue un maillon essentiel pour la concr\u00e9tisation des politiques publiques et en faveur d\u2019une approche participative adopt\u00e9e par le gouvernement.<\/p>\n<p><strong>Renforcement de la coordination entre administration centrale et r\u00e9gionale<\/strong><br \/>\nSon Excellence a demand\u00e9 au gouvernement de r\u00e9pondre positivement et rapidement aux pr\u00e9occupations soulev\u00e9es par les walis, en fonction des comp\u00e9tences de chaque d\u00e9partement minist\u00e9riel. Il a par ailleurs insist\u00e9 sur la n\u00e9cessit\u00e9 d\u2019am\u00e9liorer la coordination entre les autorit\u00e9s centrales et r\u00e9gionales afin d\u2019acc\u00e9l\u00e9rer l\u2019ex\u00e9cution des programmes publics.<br \/>\nCette r\u00e9union s\u2019inscrit dans la vision globale du projet soci\u00e9tal port\u00e9 par le Pr\u00e9sident de la R\u00e9publique, qui vise \u00e0 b\u00e2tir une administration moderne, efficace et cr\u00e9dible, au service de tous les citoyens. Une administration capable de renforcer la stabilit\u00e9, de consolider la justice et de soutenir le d\u00e9veloppement du pays, avec la dignit\u00e9 et le professionnalisme requis.<br \/>\n(avec Ami)<\/p>\n","protected":false},"excerpt":{"rendered":"<p>Le pr\u00e9sident de la R\u00e9publique, Mohamed Ould Cheikh El Ghazouani, a pr\u00e9sid\u00e9 jeudi apr\u00e8s-midi une r\u00e9union avec les walis des diff\u00e9rentes r\u00e9gions du pays pour leur rappeler ses attentes pour hisser la citoyennet\u00e9, la qualit\u00e9 des services et l\u2019efficacit\u00e9 administrative au premier chef de leurs pr\u00e9occupations. Le pr\u00e9sident s\u2019exprimait \u00e0 la lumi\u00e8re de son programme &hellip;<\/p>\n","protected":false},"author":2,"featured_media":19303,"comment_status":"open","ping_status":"open","sticky":false,"template":"","format":"standard","meta":{"footnotes":""},"categories":[18,2,31],"tags":[],"class_list":["post-19302","post","type-post","status-publish","format-standard","has-post-thumbnail","hentry","category-actualites","category-economie","category-politique-et-reportages"],"_links":{"self":[{"href":"https:\/\/ladepeche.mr\/index.php?rest_route=\/wp\/v2\/posts\/19302","targetHints":{"allow":["GET"]}}],"collection":[{"href":"https:\/\/ladepeche.mr\/index.php?rest_route=\/wp\/v2\/posts"}],"about":[{"href":"https:\/\/ladepeche.mr\/index.php?rest_route=\/wp\/v2\/types\/post"}],"author":[{"embeddable":true,"href":"https:\/\/ladepeche.mr\/index.php?rest_route=\/wp\/v2\/users\/2"}],"replies":[{"embeddable":true,"href":"https:\/\/ladepeche.mr\/index.php?rest_route=%2Fwp%2Fv2%2Fcomments&post=19302"}],"version-history":[{"count":1,"href":"https:\/\/ladepeche.mr\/index.php?rest_route=\/wp\/v2\/posts\/19302\/revisions"}],"predecessor-version":[{"id":19304,"href":"https:\/\/ladepeche.mr\/index.php?rest_route=\/wp\/v2\/posts\/19302\/revisions\/19304"}],"wp:featuredmedia":[{"embeddable":true,"href":"https:\/\/ladepeche.mr\/index.php?rest_route=\/wp\/v2\/media\/19303"}],"wp:attachment":[{"href":"https:\/\/ladepeche.mr\/index.php?rest_route=%2Fwp%2Fv2%2Fmedia&parent=19302"}],"wp:term":[{"taxonomy":"category","embeddable":true,"href":"https:\/\/ladepeche.mr\/index.php?rest_route=%2Fwp%2Fv2%2Fcategories&post=19302"},{"taxonomy":"post_tag","embeddable":true,"href":"https:\/\/ladepeche.mr\/index.php?rest_route=%2Fwp%2Fv2%2Ftags&post=19302"}],"curies":[{"name":"wp","href":"https:\/\/api.w.org\/{rel}","templated":true}]}}