{"id":19310,"date":"2025-11-21T11:47:09","date_gmt":"2025-11-21T11:47:09","guid":{"rendered":"https:\/\/ladepeche.mr\/?p=19310"},"modified":"2025-11-21T11:47:09","modified_gmt":"2025-11-21T11:47:09","slug":"politique-les-partis-de-la-majorite-reaffirment-leur-attachement-au-president-ghazouani","status":"publish","type":"post","link":"https:\/\/ladepeche.mr\/?p=19310","title":{"rendered":"Politique : les partis de la Majorit\u00e9 r\u00e9affirment leur attachement au pr\u00e9sident Ghazouani"},"content":{"rendered":"<p>Les dirigeants des partis de la majorit\u00e9 pr\u00e9sidentielle, r\u00e9unis jeudi soir au si\u00e8ge du parti \u00ab Insaf \u00bb pour examiner plusieurs dossiers politiques, ont r\u00e9affirm\u00e9 leur soutien au pr\u00e9sident Mohamed Ould Cheikh El Ghazouani.<br \/>\nSelon l\u2019Agence mauritanienne d\u2019information, les \u00e9changes ont notamment port\u00e9 sur la r\u00e9cente visite du chef de l\u2019\u00c9tat dans la r\u00e9gion du Hodh Chargui.<br \/>\nCes responsables politiques ont, par ailleurs, salu\u00e9 cette tourn\u00e9e, qu\u2019ils qualifient de porteuse de \u201cmessages positifs\u201d, et y voient une \u00e9tape significative dans le renforcement du d\u00e9veloppement r\u00e9gional et du contact direct entre le pr\u00e9sident et les citoyens.<br \/>\nLa coordination des partis de la Majorit\u00e9, rappelle-t-on, regroupe 13 partis l\u00e9galement constitu\u00e9s dans le pays. <\/p>\n","protected":false},"excerpt":{"rendered":"<p>Les dirigeants des partis de la majorit\u00e9 pr\u00e9sidentielle, r\u00e9unis jeudi soir au si\u00e8ge du parti \u00ab Insaf \u00bb pour examiner plusieurs dossiers politiques, ont r\u00e9affirm\u00e9 leur soutien au pr\u00e9sident Mohamed Ould Cheikh El Ghazouani. Selon l\u2019Agence mauritanienne d\u2019information, les \u00e9changes ont notamment port\u00e9 sur la r\u00e9cente visite du chef de l\u2019\u00c9tat dans la r\u00e9gion du &hellip;<\/p>\n","protected":false},"author":2,"featured_media":19311,"comment_status":"open","ping_status":"open","sticky":false,"template":"","format":"standard","meta":{"footnotes":""},"categories":[18,31],"tags":[],"class_list":["post-19310","post","type-post","status-publish","format-standard","has-post-thumbnail","hentry","category-actualites","category-politique-et-reportages"],"_links":{"self":[{"href":"https:\/\/ladepeche.mr\/index.php?rest_route=\/wp\/v2\/posts\/19310","targetHints":{"allow":["GET"]}}],"collection":[{"href":"https:\/\/ladepeche.mr\/index.php?rest_route=\/wp\/v2\/posts"}],"about":[{"href":"https:\/\/ladepeche.mr\/index.php?rest_route=\/wp\/v2\/types\/post"}],"author":[{"embeddable":true,"href":"https:\/\/ladepeche.mr\/index.php?rest_route=\/wp\/v2\/users\/2"}],"replies":[{"embeddable":true,"href":"https:\/\/ladepeche.mr\/index.php?rest_route=%2Fwp%2Fv2%2Fcomments&post=19310"}],"version-history":[{"count":1,"href":"https:\/\/ladepeche.mr\/index.php?rest_route=\/wp\/v2\/posts\/19310\/revisions"}],"predecessor-version":[{"id":19312,"href":"https:\/\/ladepeche.mr\/index.php?rest_route=\/wp\/v2\/posts\/19310\/revisions\/19312"}],"wp:featuredmedia":[{"embeddable":true,"href":"https:\/\/ladepeche.mr\/index.php?rest_route=\/wp\/v2\/media\/19311"}],"wp:attachment":[{"href":"https:\/\/ladepeche.mr\/index.php?rest_route=%2Fwp%2Fv2%2Fmedia&parent=19310"}],"wp:term":[{"taxonomy":"category","embeddable":true,"href":"https:\/\/ladepeche.mr\/index.php?rest_route=%2Fwp%2Fv2%2Fcategories&post=19310"},{"taxonomy":"post_tag","embeddable":true,"href":"https:\/\/ladepeche.mr\/index.php?rest_route=%2Fwp%2Fv2%2Ftags&post=19310"}],"curies":[{"name":"wp","href":"https:\/\/api.w.org\/{rel}","templated":true}]}}