{"id":19321,"date":"2025-11-22T15:58:37","date_gmt":"2025-11-22T15:58:37","guid":{"rendered":"https:\/\/ladepeche.mr\/?p=19321"},"modified":"2025-11-22T15:58:37","modified_gmt":"2025-11-22T15:58:37","slug":"infrastructures-extension-de-linstitut-national-de-sante-publique","status":"publish","type":"post","link":"https:\/\/ladepeche.mr\/?p=19321","title":{"rendered":"Infrastructures: extension de l\u2019Institut national de sant\u00e9 publique"},"content":{"rendered":"<p>Le Pr\u00e9sident de la R\u00e9publique, Mohamed Ould Cheikh El Ghazouani, a inaugur\u00e9 vendredi, dans la commune d\u2019El Aria (wilaya du Trarza), l\u2019extension de l\u2019Institut national de sant\u00e9 publique, un projet qui renforce consid\u00e9rablement les capacit\u00e9s nationales en mati\u00e8re de recherche et de s\u00e9curit\u00e9 sanitaires.<\/p>\n<p>L\u2019\u00e9tablissement r\u00e9nov\u00e9 compte d\u00e9sormais 162 chambres, 40 laboratoires de niveau de s\u00e9curit\u00e9 biologique 1 (BSL-I), 4 laboratoires BSL-II et des laboratoires BSL-III. Il comprend aussi 40 bureaux pouvant accueillir jusqu\u2019\u00e0 100 employ\u00e9s, 5 grandes salles de formation de 70 places chacune, 4 salles polyvalentes pour les r\u00e9unions en petits groupes et 2 salles d\u00e9di\u00e9es aux r\u00e9unions d\u2019urgence en sant\u00e9 publique, d\u2019une capacit\u00e9 de 20 personnes.<\/p>\n<p>La c\u00e9r\u00e9monie s\u2019est d\u00e9roul\u00e9e en pr\u00e9sence du Premier ministre, El Moctar Ould Djay, de responsables de la Pr\u00e9sidence, de membres du gouvernement, du wali du Trarza, d\u2019\u00e9lus locaux ainsi que de membres du corps diplomatique accr\u00e9dit\u00e9 en Mauritanie.<br \/>\n(avec Ami)<\/p>\n","protected":false},"excerpt":{"rendered":"<p>Le Pr\u00e9sident de la R\u00e9publique, Mohamed Ould Cheikh El Ghazouani, a inaugur\u00e9 vendredi, dans la commune d\u2019El Aria (wilaya du Trarza), l\u2019extension de l\u2019Institut national de sant\u00e9 publique, un projet qui renforce consid\u00e9rablement les capacit\u00e9s nationales en mati\u00e8re de recherche et de s\u00e9curit\u00e9 sanitaires. L\u2019\u00e9tablissement r\u00e9nov\u00e9 compte d\u00e9sormais 162 chambres, 40 laboratoires de niveau de &hellip;<\/p>\n","protected":false},"author":2,"featured_media":19322,"comment_status":"open","ping_status":"open","sticky":false,"template":"","format":"standard","meta":{"footnotes":""},"categories":[18,27],"tags":[],"class_list":["post-19321","post","type-post","status-publish","format-standard","has-post-thumbnail","hentry","category-actualites","category-sante"],"_links":{"self":[{"href":"https:\/\/ladepeche.mr\/index.php?rest_route=\/wp\/v2\/posts\/19321","targetHints":{"allow":["GET"]}}],"collection":[{"href":"https:\/\/ladepeche.mr\/index.php?rest_route=\/wp\/v2\/posts"}],"about":[{"href":"https:\/\/ladepeche.mr\/index.php?rest_route=\/wp\/v2\/types\/post"}],"author":[{"embeddable":true,"href":"https:\/\/ladepeche.mr\/index.php?rest_route=\/wp\/v2\/users\/2"}],"replies":[{"embeddable":true,"href":"https:\/\/ladepeche.mr\/index.php?rest_route=%2Fwp%2Fv2%2Fcomments&post=19321"}],"version-history":[{"count":1,"href":"https:\/\/ladepeche.mr\/index.php?rest_route=\/wp\/v2\/posts\/19321\/revisions"}],"predecessor-version":[{"id":19323,"href":"https:\/\/ladepeche.mr\/index.php?rest_route=\/wp\/v2\/posts\/19321\/revisions\/19323"}],"wp:featuredmedia":[{"embeddable":true,"href":"https:\/\/ladepeche.mr\/index.php?rest_route=\/wp\/v2\/media\/19322"}],"wp:attachment":[{"href":"https:\/\/ladepeche.mr\/index.php?rest_route=%2Fwp%2Fv2%2Fmedia&parent=19321"}],"wp:term":[{"taxonomy":"category","embeddable":true,"href":"https:\/\/ladepeche.mr\/index.php?rest_route=%2Fwp%2Fv2%2Fcategories&post=19321"},{"taxonomy":"post_tag","embeddable":true,"href":"https:\/\/ladepeche.mr\/index.php?rest_route=%2Fwp%2Fv2%2Ftags&post=19321"}],"curies":[{"name":"wp","href":"https:\/\/api.w.org\/{rel}","templated":true}]}}