{"id":19326,"date":"2025-11-22T20:49:03","date_gmt":"2025-11-22T20:49:03","guid":{"rendered":"https:\/\/ladepeche.mr\/?p=19326"},"modified":"2025-11-22T20:49:03","modified_gmt":"2025-11-22T20:49:03","slug":"sommet-du-g20-les-dirigeants-mondiaux-adoptent-une-declaration","status":"publish","type":"post","link":"https:\/\/ladepeche.mr\/?p=19326","title":{"rendered":"Sommet du G20 : les dirigeants mondiaux adoptent une d\u00e9claration"},"content":{"rendered":"<p>Les dirigeants mondiaux du Groupe des 20 \u00e9conomies riches et en d\u00e9veloppement ont rompu avec la tradition et adopt\u00e9 une d\u00e9claration au d\u00e9but de leur sommet en Afrique du Sud samedi.<\/p>\n<p>Cette d\u00e9cision a \u00e9t\u00e9 prise malgr\u00e9 l&#8217;opposition des \u00c9tats-Unis, qui boycottent les deux jours de discussions en raison d&#8217;un diff\u00e9rend diplomatique avec le pays h\u00f4te.<br \/>\nAucun d\u00e9tail n&#8217;a \u00e9t\u00e9 donn\u00e9 sur le contenu de la d\u00e9claration, mais l&#8217;Afrique du Sud l&#8217;a pr\u00e9sent\u00e9e comme une victoire pour le premier sommet du G20 organis\u00e9 en Afrique.<\/p>\n<p>\u00ab L&#8217;adoption de la d\u00e9claration du sommet envoie un signal important au monde entier, \u00e0 savoir que le multilat\u00e9ralisme peut fonctionner et fonctionne. Elle indique au monde entier qu&#8217;en tant que dirigeants du G20, nous tiendrons fermement notre engagement solennel. Ne laisser personne, aucune communaut\u00e9, aucun pays de c\u00f4t\u00e9. \u00bb, a d\u00e9clar\u00e9 Cyril Ramaphosa, pr\u00e9sident sud-africain.<br \/>\nDes responsables sud-africains ont d\u00e9clar\u00e9 que l&#8217;administration Trump avait fait pression sur l&#8217;Afrique du Sud pour qu&#8217;elle n&#8217;adopte pas de d\u00e9claration des dirigeants en l&#8217;absence d&#8217;une d\u00e9l\u00e9gation am\u00e9ricaine.<\/p>\n<p>Le sommet sud-africain a un programme ambitieux visant \u00e0 faire progresser la r\u00e9solution de certains des probl\u00e8mes de longue date qui affligent les nations les plus pauvres du monde.<\/p>\n<p>Les dirigeants et les hauts responsables gouvernementaux se sont r\u00e9unis dans un centre d&#8217;exposition situ\u00e9 pr\u00e8s du c\u00e9l\u00e8bre township de Soweto en Afrique du Sud, o\u00f9 Nelson Mandela a v\u00e9cu.<br \/>\nhttps:\/\/www.msn.com\/fr-xl\/actualite\/other\/sommet-du-g20-les-dirigeants-mondiaux-adoptent-une-d%C3%A9claration\/ar-AA1QWSdB?ocid=msedgntp&#038;pc=U531&#038;cvid=69221e2a15b14bcea6c92faa207f5b48&#038;ei=10<\/p>\n","protected":false},"excerpt":{"rendered":"<p>Les dirigeants mondiaux du Groupe des 20 \u00e9conomies riches et en d\u00e9veloppement ont rompu avec la tradition et adopt\u00e9 une d\u00e9claration au d\u00e9but de leur sommet en Afrique du Sud samedi. Cette d\u00e9cision a \u00e9t\u00e9 prise malgr\u00e9 l&#8217;opposition des \u00c9tats-Unis, qui boycottent les deux jours de discussions en raison d&#8217;un diff\u00e9rend diplomatique avec le pays &hellip;<\/p>\n","protected":false},"author":2,"featured_media":19327,"comment_status":"open","ping_status":"open","sticky":false,"template":"","format":"standard","meta":{"footnotes":""},"categories":[18,29],"tags":[],"class_list":["post-19326","post","type-post","status-publish","format-standard","has-post-thumbnail","hentry","category-actualites","category-monde"],"_links":{"self":[{"href":"https:\/\/ladepeche.mr\/index.php?rest_route=\/wp\/v2\/posts\/19326","targetHints":{"allow":["GET"]}}],"collection":[{"href":"https:\/\/ladepeche.mr\/index.php?rest_route=\/wp\/v2\/posts"}],"about":[{"href":"https:\/\/ladepeche.mr\/index.php?rest_route=\/wp\/v2\/types\/post"}],"author":[{"embeddable":true,"href":"https:\/\/ladepeche.mr\/index.php?rest_route=\/wp\/v2\/users\/2"}],"replies":[{"embeddable":true,"href":"https:\/\/ladepeche.mr\/index.php?rest_route=%2Fwp%2Fv2%2Fcomments&post=19326"}],"version-history":[{"count":1,"href":"https:\/\/ladepeche.mr\/index.php?rest_route=\/wp\/v2\/posts\/19326\/revisions"}],"predecessor-version":[{"id":19328,"href":"https:\/\/ladepeche.mr\/index.php?rest_route=\/wp\/v2\/posts\/19326\/revisions\/19328"}],"wp:featuredmedia":[{"embeddable":true,"href":"https:\/\/ladepeche.mr\/index.php?rest_route=\/wp\/v2\/media\/19327"}],"wp:attachment":[{"href":"https:\/\/ladepeche.mr\/index.php?rest_route=%2Fwp%2Fv2%2Fmedia&parent=19326"}],"wp:term":[{"taxonomy":"category","embeddable":true,"href":"https:\/\/ladepeche.mr\/index.php?rest_route=%2Fwp%2Fv2%2Fcategories&post=19326"},{"taxonomy":"post_tag","embeddable":true,"href":"https:\/\/ladepeche.mr\/index.php?rest_route=%2Fwp%2Fv2%2Ftags&post=19326"}],"curies":[{"name":"wp","href":"https:\/\/api.w.org\/{rel}","templated":true}]}}