{"id":19334,"date":"2025-11-22T21:39:57","date_gmt":"2025-11-22T21:39:57","guid":{"rendered":"https:\/\/ladepeche.mr\/?p=19334"},"modified":"2025-11-22T21:46:54","modified_gmt":"2025-11-22T21:46:54","slug":"le-president-de-la-republique-preside-la-ceremonie-de-cloture-de-la-conference-nationale-pour-lautonomisation-des-jeunes","status":"publish","type":"post","link":"https:\/\/ladepeche.mr\/?p=19334","title":{"rendered":"Le Pr\u00e9sident de la R\u00e9publique pr\u00e9side la c\u00e9r\u00e9monie de cl\u00f4ture de la Conf\u00e9rence nationale pour l\u2019autonomisation des jeunes"},"content":{"rendered":"<p>Son Excellence le Pr\u00e9sident de la R\u00e9publique, Monsieur Mohamed Ould Cheikh El Ghazouani, a pr\u00e9sid\u00e9 ce samedi soir, au Palais des Congr\u00e8s \u201cAl Mourabitoune\u201d, la c\u00e9r\u00e9monie de cl\u00f4ture de la Conf\u00e9rence nationale pour l\u2019autonomisation des jeunes.<\/p>\n<p>La conf\u00e9rence, \u00e0 laquelle participent plus de 1300 jeunes repr\u00e9sentant toutes les wilayas du pays, ainsi que diverses composantes et secteurs de la jeunesse, vise \u00e0 stimuler l\u2019esprit d\u2019innovation et d\u2019initiative chez les jeunes, \u00e0 renforcer leur engagement et leur implication dans la promotion des politiques de d\u00e9veloppement et sociales, en plus de rehausser leur r\u00f4le en tant qu\u2019acteur majeur dans les grandes questions nationales.<\/p>\n<p>Cette conf\u00e9rence, organis\u00e9e par le Minist\u00e8re de l\u2019Autonomisation des Jeunes, de l\u2019Emploi, des Sports et du service civique, constitue une \u00e9tape strat\u00e9gique pour mobiliser les \u00e9nergies des jeunes sur l\u2019ensemble du territoire national, dans le cadre d\u2019un programme global ax\u00e9 sur l\u2019inclusion, la formation, la participation politique et l\u2019autonomisation, tout en veillant \u00e0 impliquer toutes les cat\u00e9gories de jeunes Mauritaniens sans exception.<\/p>\n<p>Les \u00e9tapes pr\u00e9liminaires de la conf\u00e9rence ont \u00e9t\u00e9 mises en \u0153uvre en trois phases sur le terrain, au cours desquelles des \u00e9quipes sp\u00e9cialis\u00e9es se sont rendues dans 63 moughataas du pays pour organiser diverses activit\u00e9s qui ont dynamis\u00e9 la vie locale en juillet et ao\u00fbt derniers, et ont contribu\u00e9 \u00e0 cr\u00e9er une nouvelle dynamique et une activit\u00e9 \u00e9conomique notable.<\/p>\n<p>Dans chaque moughataa, cinq concours ont \u00e9t\u00e9 organis\u00e9s pour r\u00e9compenser les laur\u00e9ats dans les domaines li\u00e9s aux initiatives et projets soutenant l\u2019autonomisation des jeunes, ainsi que les projets de micros et petites entreprises.<\/p>\n<p>Les activit\u00e9s comprenaient \u00e9galement des concours dans le service civique, les domaines culturels et artistiques, et les comp\u00e9titions sportives.<\/p>\n<p>Ont assist\u00e9 \u00e0 la cl\u00f4ture des travaux de la conf\u00e9rence, la Premi\u00e8re Dame, Dr Mariem Fadel Dah, le Premier Ministre, Monsieur El Moctar Ould Djay, le Ministre Secr\u00e9taire G\u00e9n\u00e9ral de la Pr\u00e9sidence de la R\u00e9publique, le Ministre charg\u00e9 du Cabinet du Pr\u00e9sident de la R\u00e9publique, les Ministres Conseillers \u00e0 la Pr\u00e9sidence de la R\u00e9publique, les membres du gouvernement, les chefs des corps militaires et de s\u00e9curit\u00e9, le Wali de Nouakchott Ouest, un certain nombre de d\u00e9put\u00e9s de l\u2019Assembl\u00e9e Nationale, la Pr\u00e9sidente de la R\u00e9gion de Nouakchott, le Maire de la commune de Tevragh Zeina, et les membres du corps diplomatique accr\u00e9dit\u00e9s en Mauritanie.<br \/>\nAmi<\/p>\n","protected":false},"excerpt":{"rendered":"<p>Son Excellence le Pr\u00e9sident de la R\u00e9publique, Monsieur Mohamed Ould Cheikh El Ghazouani, a pr\u00e9sid\u00e9 ce samedi soir, au Palais des Congr\u00e8s \u201cAl Mourabitoune\u201d, la c\u00e9r\u00e9monie de cl\u00f4ture de la Conf\u00e9rence nationale pour l\u2019autonomisation des jeunes. La conf\u00e9rence, \u00e0 laquelle participent plus de 1300 jeunes repr\u00e9sentant toutes les wilayas du pays, ainsi que diverses composantes &hellip;<\/p>\n","protected":false},"author":2,"featured_media":19335,"comment_status":"open","ping_status":"open","sticky":false,"template":"","format":"standard","meta":{"footnotes":""},"categories":[18,31],"tags":[],"class_list":["post-19334","post","type-post","status-publish","format-standard","has-post-thumbnail","hentry","category-actualites","category-politique-et-reportages"],"_links":{"self":[{"href":"https:\/\/ladepeche.mr\/index.php?rest_route=\/wp\/v2\/posts\/19334","targetHints":{"allow":["GET"]}}],"collection":[{"href":"https:\/\/ladepeche.mr\/index.php?rest_route=\/wp\/v2\/posts"}],"about":[{"href":"https:\/\/ladepeche.mr\/index.php?rest_route=\/wp\/v2\/types\/post"}],"author":[{"embeddable":true,"href":"https:\/\/ladepeche.mr\/index.php?rest_route=\/wp\/v2\/users\/2"}],"replies":[{"embeddable":true,"href":"https:\/\/ladepeche.mr\/index.php?rest_route=%2Fwp%2Fv2%2Fcomments&post=19334"}],"version-history":[{"count":1,"href":"https:\/\/ladepeche.mr\/index.php?rest_route=\/wp\/v2\/posts\/19334\/revisions"}],"predecessor-version":[{"id":19336,"href":"https:\/\/ladepeche.mr\/index.php?rest_route=\/wp\/v2\/posts\/19334\/revisions\/19336"}],"wp:featuredmedia":[{"embeddable":true,"href":"https:\/\/ladepeche.mr\/index.php?rest_route=\/wp\/v2\/media\/19335"}],"wp:attachment":[{"href":"https:\/\/ladepeche.mr\/index.php?rest_route=%2Fwp%2Fv2%2Fmedia&parent=19334"}],"wp:term":[{"taxonomy":"category","embeddable":true,"href":"https:\/\/ladepeche.mr\/index.php?rest_route=%2Fwp%2Fv2%2Fcategories&post=19334"},{"taxonomy":"post_tag","embeddable":true,"href":"https:\/\/ladepeche.mr\/index.php?rest_route=%2Fwp%2Fv2%2Ftags&post=19334"}],"curies":[{"name":"wp","href":"https:\/\/api.w.org\/{rel}","templated":true}]}}