{"id":19337,"date":"2025-11-24T14:13:30","date_gmt":"2025-11-24T14:13:30","guid":{"rendered":"https:\/\/ladepeche.mr\/?p=19337"},"modified":"2025-11-24T14:13:30","modified_gmt":"2025-11-24T14:13:30","slug":"le-president-de-la-republique-arrive-a-luanda-pour-participer-au-7eme-sommet-union-africaine-union-europeenne","status":"publish","type":"post","link":"https:\/\/ladepeche.mr\/?p=19337","title":{"rendered":"Le Pr\u00e9sident de la R\u00e9publique arrive \u00e0 Luanda pour participer au 7\u00e8me Sommet Union Africaine-Union Europ\u00e9enne"},"content":{"rendered":"<p>Son Excellence le Pr\u00e9sident de la R\u00e9publique, Monsieur Mohamed Ould Cheikh El Ghazouani, est arriv\u00e9 cet apr\u00e8s-midi dans la capitale angolaise, Luanda, pour participer au 7\u00e8me Sommet entre l\u2019Union Africaine et l\u2019Union Europ\u00e9enne, qui se tiendra les 24 et 25 novembre 2025.<\/p>\n<p>Son Excellence le Pr\u00e9sident de la R\u00e9publique a \u00e9t\u00e9 accueilli \u00e0 l\u2019a\u00e9roport international Quatro de Fevereiro par Monsieur Tete Ant\u00f3nio, Ministre angolais des Affaires \u00e9trang\u00e8res, et Son Excellence Monsieur Mohamed Mekhalla, Ambassadeur de notre pays \u00e0 Luanda.<\/p>\n<p>Son Excellence le Pr\u00e9sident de la R\u00e9publique est accompagn\u00e9 d\u2019une importante d\u00e9l\u00e9gation comprenant les personnalit\u00e9s suivantes :<\/p>\n<p>\u2013 M. Nani Ould Chrougha, Ministre charg\u00e9 du Cabinet du Pr\u00e9sident de la R\u00e9publique;<\/p>\n<p>\u2013 M. Mohamed Salem Ould Merzoug, Ministre des Affaires \u00e9trang\u00e8res, de la Coop\u00e9ration africaine et des Mauritaniens de l\u2019\u00e9tranger;<\/p>\n<p>\u2013 El Houssein Ould Naji, Ambassadeur de Mauritanie \u00e0 Addis-Abeba;<\/p>\n<p>\u2013 Ahmedou Dey Mohamed Radhi, Conseiller \u00e0 la Pr\u00e9sidence de la R\u00e9publique;<\/p>\n<p>\u2013 A\u00efssata Daouda Diallo, Conseill\u00e8re \u00e0 la Pr\u00e9sidence de la R\u00e9publique;<\/p>\n<p>\u2013 El Hassen Ould Ahmed, Directeur G\u00e9n\u00e9ral du Protocole d\u2019\u00c9tat.<br \/>\nAmi<\/p>\n","protected":false},"excerpt":{"rendered":"<p>Son Excellence le Pr\u00e9sident de la R\u00e9publique, Monsieur Mohamed Ould Cheikh El Ghazouani, est arriv\u00e9 cet apr\u00e8s-midi dans la capitale angolaise, Luanda, pour participer au 7\u00e8me Sommet entre l\u2019Union Africaine et l\u2019Union Europ\u00e9enne, qui se tiendra les 24 et 25 novembre 2025. Son Excellence le Pr\u00e9sident de la R\u00e9publique a \u00e9t\u00e9 accueilli \u00e0 l\u2019a\u00e9roport international &hellip;<\/p>\n","protected":false},"author":2,"featured_media":19338,"comment_status":"open","ping_status":"open","sticky":false,"template":"","format":"standard","meta":{"footnotes":""},"categories":[18,29],"tags":[],"class_list":["post-19337","post","type-post","status-publish","format-standard","has-post-thumbnail","hentry","category-actualites","category-monde"],"_links":{"self":[{"href":"https:\/\/ladepeche.mr\/index.php?rest_route=\/wp\/v2\/posts\/19337","targetHints":{"allow":["GET"]}}],"collection":[{"href":"https:\/\/ladepeche.mr\/index.php?rest_route=\/wp\/v2\/posts"}],"about":[{"href":"https:\/\/ladepeche.mr\/index.php?rest_route=\/wp\/v2\/types\/post"}],"author":[{"embeddable":true,"href":"https:\/\/ladepeche.mr\/index.php?rest_route=\/wp\/v2\/users\/2"}],"replies":[{"embeddable":true,"href":"https:\/\/ladepeche.mr\/index.php?rest_route=%2Fwp%2Fv2%2Fcomments&post=19337"}],"version-history":[{"count":1,"href":"https:\/\/ladepeche.mr\/index.php?rest_route=\/wp\/v2\/posts\/19337\/revisions"}],"predecessor-version":[{"id":19339,"href":"https:\/\/ladepeche.mr\/index.php?rest_route=\/wp\/v2\/posts\/19337\/revisions\/19339"}],"wp:featuredmedia":[{"embeddable":true,"href":"https:\/\/ladepeche.mr\/index.php?rest_route=\/wp\/v2\/media\/19338"}],"wp:attachment":[{"href":"https:\/\/ladepeche.mr\/index.php?rest_route=%2Fwp%2Fv2%2Fmedia&parent=19337"}],"wp:term":[{"taxonomy":"category","embeddable":true,"href":"https:\/\/ladepeche.mr\/index.php?rest_route=%2Fwp%2Fv2%2Fcategories&post=19337"},{"taxonomy":"post_tag","embeddable":true,"href":"https:\/\/ladepeche.mr\/index.php?rest_route=%2Fwp%2Fv2%2Ftags&post=19337"}],"curies":[{"name":"wp","href":"https:\/\/api.w.org\/{rel}","templated":true}]}}