{"id":19349,"date":"2025-11-24T17:09:21","date_gmt":"2025-11-24T17:09:21","guid":{"rendered":"https:\/\/ladepeche.mr\/?p=19349"},"modified":"2025-11-24T17:10:54","modified_gmt":"2025-11-24T17:10:54","slug":"sommet-ua-ue-ghazouani-a-luanda-pour-booster-le-role-geopolitique-du-pays-via-les-enjeux-mondiaux","status":"publish","type":"post","link":"https:\/\/ladepeche.mr\/?p=19349","title":{"rendered":"Sommet Ua-Ue: Ghazouani \u00e0 Luanda pour booster le r\u00f4le g\u00e9opolitique du pays via les enjeux mondiaux"},"content":{"rendered":"<p> Le pr\u00e9sident de la R\u00e9publique a pris part lundi, \u00e0 Luanda, \u00e0 l\u2019ouverture des travaux du 7\u00e8me sommet Ua-Ue.  Le sommet est plac\u00e9 sous le th\u00e8me : \u201crenforcer la paix et la prosp\u00e9rit\u00e9 \u00e0 travers une coop\u00e9ration multilat\u00e9rale efficace\u201d.<br \/>\nL\u2019ouverture du sommet a \u00e9t\u00e9 copr\u00e9sid\u00e9e par Jo\u00e3o Louren\u00e7o, pr\u00e9sident angolais et pr\u00e9sident en exercice de l\u2019UA, et Ant\u00f3nio Costa pr\u00e9sident du Conseil europ\u00e9en.<br \/>\nLes dirigeants des deux continents aborderont plusieurs priorit\u00e9s strat\u00e9giques : la paix et la s\u00e9curit\u00e9, avec un accent sur la pr\u00e9vention des conflits ; l\u2019int\u00e9gration \u00e9conomique et le commerce ; la transition \u00e9nerg\u00e9tique et la num\u00e9risation ; ainsi que les migrations, la mobilit\u00e9 et le d\u00e9veloppement humain.<br \/>\nDes questions o\u00f9 notre pays a dor\u00e9navant une place centrale et \u00e0 travers lesquelles les autorit\u00e9s nationales tentent de booster le r\u00f4le g\u00e9opolitique du pays via ces enjeux mondiaux.<br \/>\n(avec Ami)<\/p>\n","protected":false},"excerpt":{"rendered":"<p>Le pr\u00e9sident de la R\u00e9publique a pris part lundi, \u00e0 Luanda, \u00e0 l\u2019ouverture des travaux du 7\u00e8me sommet Ua-Ue. Le sommet est plac\u00e9 sous le th\u00e8me : \u201crenforcer la paix et la prosp\u00e9rit\u00e9 \u00e0 travers une coop\u00e9ration multilat\u00e9rale efficace\u201d. L\u2019ouverture du sommet a \u00e9t\u00e9 copr\u00e9sid\u00e9e par Jo\u00e3o Louren\u00e7o, pr\u00e9sident angolais et pr\u00e9sident en exercice de &hellip;<\/p>\n","protected":false},"author":2,"featured_media":19350,"comment_status":"open","ping_status":"open","sticky":false,"template":"","format":"standard","meta":{"footnotes":""},"categories":[18,29,31],"tags":[],"class_list":["post-19349","post","type-post","status-publish","format-standard","has-post-thumbnail","hentry","category-actualites","category-monde","category-politique-et-reportages"],"_links":{"self":[{"href":"https:\/\/ladepeche.mr\/index.php?rest_route=\/wp\/v2\/posts\/19349","targetHints":{"allow":["GET"]}}],"collection":[{"href":"https:\/\/ladepeche.mr\/index.php?rest_route=\/wp\/v2\/posts"}],"about":[{"href":"https:\/\/ladepeche.mr\/index.php?rest_route=\/wp\/v2\/types\/post"}],"author":[{"embeddable":true,"href":"https:\/\/ladepeche.mr\/index.php?rest_route=\/wp\/v2\/users\/2"}],"replies":[{"embeddable":true,"href":"https:\/\/ladepeche.mr\/index.php?rest_route=%2Fwp%2Fv2%2Fcomments&post=19349"}],"version-history":[{"count":3,"href":"https:\/\/ladepeche.mr\/index.php?rest_route=\/wp\/v2\/posts\/19349\/revisions"}],"predecessor-version":[{"id":19353,"href":"https:\/\/ladepeche.mr\/index.php?rest_route=\/wp\/v2\/posts\/19349\/revisions\/19353"}],"wp:featuredmedia":[{"embeddable":true,"href":"https:\/\/ladepeche.mr\/index.php?rest_route=\/wp\/v2\/media\/19350"}],"wp:attachment":[{"href":"https:\/\/ladepeche.mr\/index.php?rest_route=%2Fwp%2Fv2%2Fmedia&parent=19349"}],"wp:term":[{"taxonomy":"category","embeddable":true,"href":"https:\/\/ladepeche.mr\/index.php?rest_route=%2Fwp%2Fv2%2Fcategories&post=19349"},{"taxonomy":"post_tag","embeddable":true,"href":"https:\/\/ladepeche.mr\/index.php?rest_route=%2Fwp%2Fv2%2Ftags&post=19349"}],"curies":[{"name":"wp","href":"https:\/\/api.w.org\/{rel}","templated":true}]}}