{"id":1936,"date":"2022-09-16T12:28:43","date_gmt":"2022-09-16T12:28:43","guid":{"rendered":"https:\/\/ladepeche.mr\/?p=1936"},"modified":"2022-09-16T13:08:56","modified_gmt":"2022-09-16T13:08:56","slug":"sante-la-fievre-de-la-vallee-du-rift-fait-4-morts","status":"publish","type":"post","link":"https:\/\/ladepeche.mr\/?p=1936","title":{"rendered":"Mauritanie-Sant\u00e9: La fi\u00e8vre de la vall\u00e9e du Rift fait 4 morts"},"content":{"rendered":"<p class=\"p1\"><span class=\"s1\">\u2003La fi\u00e8vre de la vall\u00e9e du Rift a fait 4 morts indique le minist\u00e8re mauritanien de la sant\u00e9 dans ses notes de suivi de la maladie r\u00e9cemment dans le pays.<\/span><\/p>\n<p class=\"p1\"><span class=\"s1\">Sur 63 textes effectu\u00e9s le 16 septembre 2022, le minist\u00e8re indique avoir d\u00e9pist\u00e9 huit cas positifs dont 1 cas de fi\u00e8vre Crim\u00e9e Congo et sept cas de fi\u00e8vre de la vall\u00e9e du Rift. Sur les 7 personnes infect\u00e9es par la fi\u00e8vre de la vall\u00e9e du Rift 4 sont d\u00e9clar\u00e9es mortes.<\/span><\/p>\n","protected":false},"excerpt":{"rendered":"<p>\u2003La fi\u00e8vre de la vall\u00e9e du Rift a fait 4 morts indique le minist\u00e8re mauritanien de la sant\u00e9 dans ses notes de suivi de la maladie r\u00e9cemment dans le pays. Sur 63 textes effectu\u00e9s le 16 septembre 2022, le minist\u00e8re indique avoir d\u00e9pist\u00e9 huit cas positifs dont 1 cas de fi\u00e8vre Crim\u00e9e Congo et sept &hellip;<\/p>\n","protected":false},"author":2,"featured_media":1937,"comment_status":"open","ping_status":"open","sticky":false,"template":"","format":"standard","meta":{"footnotes":""},"categories":[18,27],"tags":[],"class_list":["post-1936","post","type-post","status-publish","format-standard","has-post-thumbnail","hentry","category-actualites","category-sante"],"_links":{"self":[{"href":"https:\/\/ladepeche.mr\/index.php?rest_route=\/wp\/v2\/posts\/1936","targetHints":{"allow":["GET"]}}],"collection":[{"href":"https:\/\/ladepeche.mr\/index.php?rest_route=\/wp\/v2\/posts"}],"about":[{"href":"https:\/\/ladepeche.mr\/index.php?rest_route=\/wp\/v2\/types\/post"}],"author":[{"embeddable":true,"href":"https:\/\/ladepeche.mr\/index.php?rest_route=\/wp\/v2\/users\/2"}],"replies":[{"embeddable":true,"href":"https:\/\/ladepeche.mr\/index.php?rest_route=%2Fwp%2Fv2%2Fcomments&post=1936"}],"version-history":[{"count":4,"href":"https:\/\/ladepeche.mr\/index.php?rest_route=\/wp\/v2\/posts\/1936\/revisions"}],"predecessor-version":[{"id":1941,"href":"https:\/\/ladepeche.mr\/index.php?rest_route=\/wp\/v2\/posts\/1936\/revisions\/1941"}],"wp:featuredmedia":[{"embeddable":true,"href":"https:\/\/ladepeche.mr\/index.php?rest_route=\/wp\/v2\/media\/1937"}],"wp:attachment":[{"href":"https:\/\/ladepeche.mr\/index.php?rest_route=%2Fwp%2Fv2%2Fmedia&parent=1936"}],"wp:term":[{"taxonomy":"category","embeddable":true,"href":"https:\/\/ladepeche.mr\/index.php?rest_route=%2Fwp%2Fv2%2Fcategories&post=1936"},{"taxonomy":"post_tag","embeddable":true,"href":"https:\/\/ladepeche.mr\/index.php?rest_route=%2Fwp%2Fv2%2Ftags&post=1936"}],"curies":[{"name":"wp","href":"https:\/\/api.w.org\/{rel}","templated":true}]}}