{"id":19366,"date":"2025-11-25T11:30:27","date_gmt":"2025-11-25T11:30:27","guid":{"rendered":"https:\/\/ladepeche.mr\/?p=19366"},"modified":"2025-11-25T10:28:43","modified_gmt":"2025-11-25T10:28:43","slug":"le-gouvernement-gambien-confirme-la-presence-dissa-tchiroma-bakary-en-gambie","status":"publish","type":"post","link":"https:\/\/ladepeche.mr\/?p=19366","title":{"rendered":"Le gouvernement gambien confirme la pr\u00e9sence d\u2019Issa Tchiroma Bakary en Gambie"},"content":{"rendered":"<p>Le minist\u00e8re de l\u2019Information, M\u00e9dia et Services de radiodiffusion a annonc\u00e9 la pr\u00e9sence de l\u2019opposant camerounais en Gambie et assure qu\u2019il est h\u00e9berg\u00e9 \u00e0 titre humanitaire.<br \/>\nL\u2019opposant camerounais Issa Tchiroma Bakary se trouve en Gambie, un pays d&#8217;Afrique de l\u2019Ouest, entour\u00e9 par le S\u00e9n\u00e9gal et ouvert sur l\u2019Oc\u00e9an Atlantique. Selon la communication du minist\u00e8re de l\u2019Information gambienne, le pr\u00e9sident du Front pour le salut national du Cameroun qui a revendiqu\u00e9 sa victoire \u00e0 l\u2019\u00e9lection pr\u00e9sidentielle du 12 octobre est sur le territoire gambien depuis le 07 novembre 2025. Le pays lui offre un refuge temporaire \u00ab dans le cadre humanitaire \u00bb et dans l\u2019esprit de la solidarit\u00e9 africaine. Le gouvernement gambien va \u00ab assurer sa s\u00e9curit\u00e9 \u00bb au moment o\u00f9 les discussions sont en cours en vue de la r\u00e9solution pacifique des tensions post-\u00e9lectorales au Cameroun. Et dans ce contexte, alors que le r\u00e9gime de Yaound\u00e9 maintient ferme son intention de traduire l\u2019homme politique devant les juridictions nationales, la Gambie pr\u00e9cise sa position de pacifiste et se d\u00e9solidarise des violences face \u00e0 la situation. Le pays d\u2019Adama Barrow \u00ab ne sera pas utilis\u00e9 comme base d\u2019activit\u00e9 subversive contre un quelconque \u00c9tat \u00bb. Il privil\u00e9gie la pr\u00e9servation de \u00ab la souverainet\u00e9 territoriale et l\u2019int\u00e9grit\u00e9 \u00bb des pays membres de l\u2019Union africaine. En confirmant la pr\u00e9sence d\u2019Issa Tchiroma Bakary en Gambie, Me Alice Nkom, porte-parole de l\u2019ancien ministre de la Communication, remercie ce pays ainsi que le Nigeria. Ces deux \u00c9tats veillent \u00e0 la s\u00e9curit\u00e9 de celui qu\u2019elle appelle \u00ab pr\u00e9sident \u00e9lu \u00bb pendant les tensions post-\u00e9lectorales au Cameroun. L\u2019avocate dit merci \u00e0 ces \u00c9tats aussi pour leur attachement \u00e0 \u00ab la paix, la d\u00e9mocratie, le respect des droits humaines, la souverainet\u00e9 et la solidarit\u00e9 entre les peuples africains \u00bb. Apr\u00e8s son s\u00e9jour en terre nig\u00e9riane, Issa Tchiroma Bakary se trouve en Gambie pays depuis lequel il aurait fait ses derni\u00e8res communications. Depuis l\u2019ultimatum de 48 heures donn\u00e9 au r\u00e9gime de lib\u00e9rer les personnes arr\u00eat\u00e9es dans le cadre des tensions post-\u00e9lectorales jusqu\u2019\u00e0 l\u2019invitation \u00e0 observer un jour de deuil national, l\u2019homme politique s\u2019est \u00e9loign\u00e9 un peu plus du Cameroun pour s\u2019exprimer. Ni lui ni le gouvernement gambien ne pr\u00e9cisent jusqu\u2019\u00e0 quand il s\u00e9journera en Afrique de l\u2019Ouest. Dans sa derni\u00e8re d\u00e9claration, il s\u2019engageait \u00e0 poursuivre la r\u00e9sistance et le combat pour revendiquer sa victoire \u00e0 l\u2019\u00e9lection pr\u00e9sidentielle.<\/p>\n<p>Cet article Le gouvernement gambien confirme la pr\u00e9sence d\u2019Issa Tchiroma Bakary en Gambie est apparu en premier sur Journalducameroun.com.<br \/>\nhttps:\/\/www.msn.com\/fr-xl\/afrique-centre-et-est\/cameroun-actualite\/le-gouvernement-gambien-confirme-la-pr%C3%A9sence-d-issa-tchiroma-bakary-en-gambie\/ar-AA1R2gBa?ocid=msedgntp&#038;pc=U531&#038;cvid=69257f28dac6465d8bca9b6d624fe0f5&#038;ei=27<\/p>\n","protected":false},"excerpt":{"rendered":"<p>Le minist\u00e8re de l\u2019Information, M\u00e9dia et Services de radiodiffusion a annonc\u00e9 la pr\u00e9sence de l\u2019opposant camerounais en Gambie et assure qu\u2019il est h\u00e9berg\u00e9 \u00e0 titre humanitaire. L\u2019opposant camerounais Issa Tchiroma Bakary se trouve en Gambie, un pays d&#8217;Afrique de l\u2019Ouest, entour\u00e9 par le S\u00e9n\u00e9gal et ouvert sur l\u2019Oc\u00e9an Atlantique. Selon la communication du minist\u00e8re de &hellip;<\/p>\n","protected":false},"author":2,"featured_media":19367,"comment_status":"open","ping_status":"open","sticky":false,"template":"","format":"standard","meta":{"footnotes":""},"categories":[18,29],"tags":[],"class_list":["post-19366","post","type-post","status-publish","format-standard","has-post-thumbnail","hentry","category-actualites","category-monde"],"_links":{"self":[{"href":"https:\/\/ladepeche.mr\/index.php?rest_route=\/wp\/v2\/posts\/19366","targetHints":{"allow":["GET"]}}],"collection":[{"href":"https:\/\/ladepeche.mr\/index.php?rest_route=\/wp\/v2\/posts"}],"about":[{"href":"https:\/\/ladepeche.mr\/index.php?rest_route=\/wp\/v2\/types\/post"}],"author":[{"embeddable":true,"href":"https:\/\/ladepeche.mr\/index.php?rest_route=\/wp\/v2\/users\/2"}],"replies":[{"embeddable":true,"href":"https:\/\/ladepeche.mr\/index.php?rest_route=%2Fwp%2Fv2%2Fcomments&post=19366"}],"version-history":[{"count":1,"href":"https:\/\/ladepeche.mr\/index.php?rest_route=\/wp\/v2\/posts\/19366\/revisions"}],"predecessor-version":[{"id":19368,"href":"https:\/\/ladepeche.mr\/index.php?rest_route=\/wp\/v2\/posts\/19366\/revisions\/19368"}],"wp:featuredmedia":[{"embeddable":true,"href":"https:\/\/ladepeche.mr\/index.php?rest_route=\/wp\/v2\/media\/19367"}],"wp:attachment":[{"href":"https:\/\/ladepeche.mr\/index.php?rest_route=%2Fwp%2Fv2%2Fmedia&parent=19366"}],"wp:term":[{"taxonomy":"category","embeddable":true,"href":"https:\/\/ladepeche.mr\/index.php?rest_route=%2Fwp%2Fv2%2Fcategories&post=19366"},{"taxonomy":"post_tag","embeddable":true,"href":"https:\/\/ladepeche.mr\/index.php?rest_route=%2Fwp%2Fv2%2Ftags&post=19366"}],"curies":[{"name":"wp","href":"https:\/\/api.w.org\/{rel}","templated":true}]}}