{"id":19369,"date":"2025-11-25T10:24:17","date_gmt":"2025-11-25T10:24:17","guid":{"rendered":"https:\/\/ladepeche.mr\/?p=19369"},"modified":"2025-11-25T10:24:17","modified_gmt":"2025-11-25T10:24:17","slug":"communique-de-la-delegation-de-lunion-europeenne-en-mauritanie","status":"publish","type":"post","link":"https:\/\/ladepeche.mr\/?p=19369","title":{"rendered":"Communiqu\u00e9 de la D\u00e9l\u00e9gation de l\u2019Union europ\u00e9enne en Mauritanie."},"content":{"rendered":"<p>Depuis quelques semaines, de fausses informations circulent \u00e0 nouveau sur les r\u00e9seaux sociaux ainsi que dans certains m\u00e9dias espagnols et mauritaniens au sujet des deux centres r\u00e9cemment inaugur\u00e9s \u00e0 Nouakchott et Nouadhibou pour l\u2019accueil temporaire des migrants d\u00e9barqu\u00e9s, financ\u00e9s par l\u2019Union europ\u00e9enne et dont les travaux et l\u2019\u00e9quipement ont \u00e9t\u00e9 r\u00e9alis\u00e9s par la Fundaci\u00f3n para la Internacionalizaci\u00f3n de las Administraciones P\u00fablicas (FIAP) d\u2019Espagne.<\/p>\n<p>Contrairement \u00e0 ces accusations mensong\u00e8res et malveillantes, ces centres \u2014 inspir\u00e9s des Centres d\u2019accueil temporaire des \u00e9trangers (CATE) des \u00eeles Canaries \u2014 ne sont pas des prisons, et sont encore moins destin\u00e9s \u00e0 loger des enfants.<\/p>\n<p>La fonction de ces centres est d\u2019accueillir, dans des conditions dignes, les migrants d\u00e9barqu\u00e9s pendant un maximum de 72 heures, le temps n\u00e9cessaire pour d\u00e9terminer leur situation individuelle et identifier les personnes vuln\u00e9rables telles que les victimes de traite ou les personnes malades, ayant droit \u00e0 une protection internationale. Ces centres n\u2019accueillent pas de mineurs, sauf dans le cas de familles, afin de ne pas s\u00e9parer leurs membres pour des raisons humanitaires \u00e9videntes. <\/p>\n<p>Les nouveaux centres offrent un h\u00e9bergement d\u00e9cent dans des installations modernes, propres et climatis\u00e9es, avec des espaces s\u00e9par\u00e9s pour hommes et femmes, des salles de douche, un service de restauration ainsi qu\u2019une assistance m\u00e9dicale et psychologique.<\/p>\n<p>L\u2019enregistrement des migrants et la d\u00e9termination de leur statut seront effectu\u00e9s, sur la base d\u2019une \u00e9valuation individuelle, par l\u2019Organisation internationale pour les migrations (IOM), le Haut-Commissariat des Nations unies pour les r\u00e9fugi\u00e9s (HCR) et l\u2019Instance nationale de lutte contre la traite des personnes et le trafic de migrants.<\/p>\n<p>Le Croissant-Rouge mauritanien assure les services m\u00e9dicaux, le soutien psychosocial, l\u2019aide au r\u00e9tablissement des liens familiaux et la gestion logistique quotidienne des centres (alimentation, assistance m\u00e9dicale et psychologique, nettoyage), avec l\u2019appui technique et logistique de la F\u00e9d\u00e9ration internationale de la Croix-Rouge.<\/p>\n<p>La Commission nationale des droits de l\u2019homme (CNDH) et le Haut-Commissariat des Nations unies aux droits de l\u2019homme (HCDH) disposent d\u2019un acc\u00e8s permanent aux centres dans le cadre de leurs mandats respectifs. La CNDH g\u00e8re \u00e9galement le m\u00e9canisme de plaintes au sein de ces centres.<\/p>\n<p>Conform\u00e9ment aux proc\u00e9dures op\u00e9rationnelles standard adopt\u00e9es par le gouvernement mauritanien en mai 2025, une attention particuli\u00e8re est accord\u00e9e aux personnes vuln\u00e9rables, notamment les enfants non accompagn\u00e9s (pris en charge en dehors des centres), les victimes de traite et les personnes pouvant pr\u00e9tendre \u00e0 une protection internationale.<\/p>\n<p>L\u2019ouverture de ces centres repr\u00e9sente une avanc\u00e9e significative dans la sauvegarde des droits humains des personnes migrantes en Mauritanie, ainsi que dans le respect des engagements internationaux pris par le pays en mati\u00e8re de migration, d\u2019asile et de protection. Ils mettent \u00e9galement fin \u00e0 l\u2019absence d\u2019infrastructures ad\u00e9quates pour l\u2019accueil des migrants d\u00e9barqu\u00e9s \u2014 une carence qui avait \u00e9t\u00e9 relev\u00e9e par le Rapporteur sp\u00e9cial des Nations unies sur les droits humains des migrants lors de sa visite en Mauritanie en septembre 2025.<\/p>\n<p>Ce financement de l\u2019Union europ\u00e9enne s\u2019inscrit dans la politique de coop\u00e9ration au d\u00e9veloppement, dont les objectifs principaux incluent la promotion des droits humains et la protection des personnes vuln\u00e9rables. Il s\u2019inscrit \u00e9galement dans le cadre de la D\u00e9claration conjointe sign\u00e9e le 7 mars 2024 \u00e0 Nouakchott, qui \u00e9tablit un partenariat structur\u00e9 en mati\u00e8re de migration entre l\u2019Union europ\u00e9enne et la Mauritanie, avec un engagement clair en faveur de la protection et du respect des droits fondamentaux des migrants, des demandeurs d\u2019asile et des r\u00e9fugi\u00e9s.<br \/>\nSource D\u00e9l\u00e9gation Ue en Mauritanie<\/p>\n","protected":false},"excerpt":{"rendered":"<p>Depuis quelques semaines, de fausses informations circulent \u00e0 nouveau sur les r\u00e9seaux sociaux ainsi que dans certains m\u00e9dias espagnols et mauritaniens au sujet des deux centres r\u00e9cemment inaugur\u00e9s \u00e0 Nouakchott et Nouadhibou pour l\u2019accueil temporaire des migrants d\u00e9barqu\u00e9s, financ\u00e9s par l\u2019Union europ\u00e9enne et dont les travaux et l\u2019\u00e9quipement ont \u00e9t\u00e9 r\u00e9alis\u00e9s par la Fundaci\u00f3n para &hellip;<\/p>\n","protected":false},"author":2,"featured_media":19370,"comment_status":"open","ping_status":"open","sticky":false,"template":"","format":"standard","meta":{"footnotes":""},"categories":[18,19],"tags":[],"class_list":["post-19369","post","type-post","status-publish","format-standard","has-post-thumbnail","hentry","category-actualites","category-tribune"],"_links":{"self":[{"href":"https:\/\/ladepeche.mr\/index.php?rest_route=\/wp\/v2\/posts\/19369","targetHints":{"allow":["GET"]}}],"collection":[{"href":"https:\/\/ladepeche.mr\/index.php?rest_route=\/wp\/v2\/posts"}],"about":[{"href":"https:\/\/ladepeche.mr\/index.php?rest_route=\/wp\/v2\/types\/post"}],"author":[{"embeddable":true,"href":"https:\/\/ladepeche.mr\/index.php?rest_route=\/wp\/v2\/users\/2"}],"replies":[{"embeddable":true,"href":"https:\/\/ladepeche.mr\/index.php?rest_route=%2Fwp%2Fv2%2Fcomments&post=19369"}],"version-history":[{"count":1,"href":"https:\/\/ladepeche.mr\/index.php?rest_route=\/wp\/v2\/posts\/19369\/revisions"}],"predecessor-version":[{"id":19371,"href":"https:\/\/ladepeche.mr\/index.php?rest_route=\/wp\/v2\/posts\/19369\/revisions\/19371"}],"wp:featuredmedia":[{"embeddable":true,"href":"https:\/\/ladepeche.mr\/index.php?rest_route=\/wp\/v2\/media\/19370"}],"wp:attachment":[{"href":"https:\/\/ladepeche.mr\/index.php?rest_route=%2Fwp%2Fv2%2Fmedia&parent=19369"}],"wp:term":[{"taxonomy":"category","embeddable":true,"href":"https:\/\/ladepeche.mr\/index.php?rest_route=%2Fwp%2Fv2%2Fcategories&post=19369"},{"taxonomy":"post_tag","embeddable":true,"href":"https:\/\/ladepeche.mr\/index.php?rest_route=%2Fwp%2Fv2%2Ftags&post=19369"}],"curies":[{"name":"wp","href":"https:\/\/api.w.org\/{rel}","templated":true}]}}