{"id":19381,"date":"2025-11-26T08:59:08","date_gmt":"2025-11-26T08:59:08","guid":{"rendered":"https:\/\/ladepeche.mr\/?p=19381"},"modified":"2025-11-26T08:59:37","modified_gmt":"2025-11-26T08:59:37","slug":"interview-de-mme-ursula-von-der-leyen-presidente-de-la-commission-europeenne","status":"publish","type":"post","link":"https:\/\/ladepeche.mr\/?p=19381","title":{"rendered":"Interview de Mme Ursula Von Der Leyen, pr\u00e9sidente de la commission europ\u00e9enne."},"content":{"rendered":"<p><strong>Question 1 \u2014 Quels sont les r\u00e9sultats attendus du sommet UE-UA qui se tiendra \u00e0 Luanda la semaine prochaine ? <\/strong><\/p>\n<p>Il y a vingt-cinq ans, le tout premier sommet entre l\u2019Union europ\u00e9enne et l\u2019Union africaine a eu lieu au Caire.<br \/>\nLes dirigeants ont pris un engagement simple mais fort. La paix et la prosp\u00e9rit\u00e9 ne peuvent durer que lorsqu\u2019elles sont partag\u00e9es, lorsque nos destins sont v\u00e9ritablement li\u00e9s.<br \/>\nLe monde a chang\u00e9 depuis notre sommet au Caire. Mais ce lien unique entre l\u2019Europe et l\u2019Afrique reste plus solide que jamais.<br \/>\n\u00c0 Luanda, nous c\u00e9l\u00e9brerons l\u2019esprit du Caire. Nous porterons aussi le partenariat unique entre l\u2019Europe et l\u2019Afrique \u00e0 un niveau sup\u00e9rieur.<br \/>\nNous annoncerons de nouveaux projets dans le cadre de la strat\u00e9gie \u00abGlobal Gateway\u00bb, le plan d\u2019investissement de l\u2019Europe pour un monde mieux connect\u00e9. Nous ouvrirons une nouvelle \u00e8re de commerce et de coop\u00e9ration entre nos deux march\u00e9s continentaux. Et nous intensifierons aussi notre coop\u00e9ration en ce qui concerne les projets dans le domaine des \u00e9nergies propres et des mati\u00e8res premi\u00e8res critiques qui cr\u00e9ent de la valeur et des emplois en Afrique, pour la population africaine.<br \/>\nParce que c\u2019est ainsi que l\u2019Europe \u00e9tablit des partenariats. Des partenariats v\u00e9ritables et durables.<\/p>\n<p><strong>Question 2: comment alimentez-vous un avenir \u00e9nerg\u00e9tique propre dans notre pays? <\/strong><\/p>\n<p>Il y a un an, l\u2019Europe et l\u2019Afrique du Sud ont lanc\u00e9 la campagne \u00abScaling Up Renewables in Africa\u00bb afin de :<br \/>\n\u2022Mobiliser des investissements en faveur de l\u2019\u00e9nergie propre,<br \/>\n\u2022Contribuer \u00e0 fournir un acc\u00e8s \u00e0 l\u2019\u00e9lectricit\u00e9 aux 600 millions de personnes qui n\u2019en ont toujours pas<br \/>\n\u2022Attirer des investisseurs dans ce secteur en plein essor en Afrique.<br \/>\nLa semaine derni\u00e8re, nous avons rassembl\u00e9 le monde et mobilis\u00e9 15,5 milliards d\u2019euros pour un avenir \u00e9nerg\u00e9tique propre pour l\u2019Afrique et sa population.<br \/>\nEn Mauritanie, nous connectons deux des grandes villes du pays, Nouakchott et Kiffa, au moyen d\u2019une interconnexion haute tension de 516 km. Ce projet transformateur contribuera \u00e0 fournir un acc\u00e8s universel \u00e0 l\u2019\u00e9lectricit\u00e9 dans tout le pays.<br \/>\nEn int\u00e9grant de nouvelles capacit\u00e9s en mati\u00e8re d\u2019\u00e9nergies renouvelables dans les r\u00e9seaux nationaux et r\u00e9gionaux, la Mauritanie sera mieux \u00e9quip\u00e9e pour r\u00e9pondre aux besoins de sa population en pleine expansion et acc\u00e9l\u00e9rer le d\u00e9veloppement de la production d\u2019\u00e9nergie solaire, gr\u00e2ce \u00e0 la strat\u00e9gie \u00abGlobal Gateway\u00bb. Ce tron\u00e7on auquel nous contribuons s\u2019inscrit dans un programme plus vaste, qui ambitionne de raccorder \u00e0 terme Nouakchott \u00e0 Nema et de cr\u00e9er une boucle vers Yelimane au Mali, permettant ainsi \u00e0 la Mauritanie de renforcer sa connexion au WAPP (Syst\u00e8me d&#8217;Echange d&#8217;Energie Electrique Ouest Africain), et de se positionner comme exportatrice d\u2019\u00e9nergie propre au niveau r\u00e9gional au travers de l\u2019OMVS.<br \/>\nSource DUEM<\/p>\n","protected":false},"excerpt":{"rendered":"<p>Question 1 \u2014 Quels sont les r\u00e9sultats attendus du sommet UE-UA qui se tiendra \u00e0 Luanda la semaine prochaine ? Il y a vingt-cinq ans, le tout premier sommet entre l\u2019Union europ\u00e9enne et l\u2019Union africaine a eu lieu au Caire. Les dirigeants ont pris un engagement simple mais fort. La paix et la prosp\u00e9rit\u00e9 ne &hellip;<\/p>\n","protected":false},"author":2,"featured_media":19382,"comment_status":"open","ping_status":"open","sticky":false,"template":"","format":"standard","meta":{"footnotes":""},"categories":[18,29],"tags":[],"class_list":["post-19381","post","type-post","status-publish","format-standard","has-post-thumbnail","hentry","category-actualites","category-monde"],"_links":{"self":[{"href":"https:\/\/ladepeche.mr\/index.php?rest_route=\/wp\/v2\/posts\/19381","targetHints":{"allow":["GET"]}}],"collection":[{"href":"https:\/\/ladepeche.mr\/index.php?rest_route=\/wp\/v2\/posts"}],"about":[{"href":"https:\/\/ladepeche.mr\/index.php?rest_route=\/wp\/v2\/types\/post"}],"author":[{"embeddable":true,"href":"https:\/\/ladepeche.mr\/index.php?rest_route=\/wp\/v2\/users\/2"}],"replies":[{"embeddable":true,"href":"https:\/\/ladepeche.mr\/index.php?rest_route=%2Fwp%2Fv2%2Fcomments&post=19381"}],"version-history":[{"count":1,"href":"https:\/\/ladepeche.mr\/index.php?rest_route=\/wp\/v2\/posts\/19381\/revisions"}],"predecessor-version":[{"id":19383,"href":"https:\/\/ladepeche.mr\/index.php?rest_route=\/wp\/v2\/posts\/19381\/revisions\/19383"}],"wp:featuredmedia":[{"embeddable":true,"href":"https:\/\/ladepeche.mr\/index.php?rest_route=\/wp\/v2\/media\/19382"}],"wp:attachment":[{"href":"https:\/\/ladepeche.mr\/index.php?rest_route=%2Fwp%2Fv2%2Fmedia&parent=19381"}],"wp:term":[{"taxonomy":"category","embeddable":true,"href":"https:\/\/ladepeche.mr\/index.php?rest_route=%2Fwp%2Fv2%2Fcategories&post=19381"},{"taxonomy":"post_tag","embeddable":true,"href":"https:\/\/ladepeche.mr\/index.php?rest_route=%2Fwp%2Fv2%2Ftags&post=19381"}],"curies":[{"name":"wp","href":"https:\/\/api.w.org\/{rel}","templated":true}]}}