{"id":19384,"date":"2025-11-26T09:04:00","date_gmt":"2025-11-26T09:04:00","guid":{"rendered":"https:\/\/ladepeche.mr\/?p=19384"},"modified":"2025-11-26T09:04:00","modified_gmt":"2025-11-26T09:04:00","slug":"paix-et-securite-des-parlementaires-francophones-a-nouakchott-pour-debattre-des-defis","status":"publish","type":"post","link":"https:\/\/ladepeche.mr\/?p=19384","title":{"rendered":"Paix et S\u00e9curit\u00e9: des parlementaires francophones \u00e0 Nouakchott pour d\u00e9battre des d\u00e9fis"},"content":{"rendered":"<p>Un s\u00e9minaire international consacr\u00e9 aux d\u00e9fis de la paix et de la s\u00e9curit\u00e9 en Afrique s\u2019est ouvert mardi \u00e0 Nouakchott, sous la pr\u00e9sidence du Pr\u00e9sident de l\u2019Assembl\u00e9e nationale, Mohamed Bamba Meguett. Organis\u00e9 par l\u2019Assembl\u00e9e nationale mauritanienne en partenariat avec l\u2019Assembl\u00e9e parlementaire de la Francophonie (APF), l\u2019\u00e9v\u00e9nement r\u00e9unit pendant deux jours des parlementaires de plusieurs pays africains pour examiner la situation s\u00e9curitaire dans le Sahel et en Afrique de l\u2019Ouest.<\/p>\n<p>Les travaux portent sur les menaces r\u00e9gionales \u2014 terrorisme, extr\u00e9misme violent, crises politiques, trafic transfrontalier et impacts du changement climatique \u2014 ainsi que sur les m\u00e9canismes de pr\u00e9vention, la coop\u00e9ration internationale et le r\u00f4le des parlements dans la promotion de la paix, de la transparence et de la bonne gouvernance. La participation des jeunes \u00e0 la consolidation de la s\u00e9curit\u00e9 figure \u00e9galement parmi les th\u00e8mes abord\u00e9s.<\/p>\n<p>Des d\u00e9l\u00e9gations du Maroc, du S\u00e9n\u00e9gal, du Tchad, de la R\u00e9publique d\u00e9mocratique du Congo et du Secr\u00e9tariat g\u00e9n\u00e9ral de l\u2019APF prennent part \u00e0 la rencontre, aux c\u00f4t\u00e9s d\u2019experts sp\u00e9cialis\u00e9s.<\/p>\n<p>Dans son allocution d\u2019ouverture, Mohamed Bamba Meguett a soulign\u00e9 que les d\u00e9fis s\u00e9curitaires du continent \u00ab exigent une r\u00e9ponse collective et durable \u00bb fond\u00e9e sur la coop\u00e9ration et la justice. Il a rappel\u00e9 le r\u00f4le central des parlements, garants de la l\u00e9gitimit\u00e9 d\u00e9mocratique, dans la pr\u00e9vention des conflits et la d\u00e9fense des droits humains.<\/p>\n<p>Le Pr\u00e9sident de l\u2019Assembl\u00e9e nationale a \u00e9galement mis en avant les efforts de la Mauritanie pour pr\u00e9server sa stabilit\u00e9 et renforcer l\u2019\u00c9tat de droit, sous l\u2019impulsion du Pr\u00e9sident de la R\u00e9publique, Mohamed Ould Cheikh El Ghazouani. Il a rappel\u00e9 la contribution du pays aux initiatives du G5 Sahel, \u00e0 l\u2019Union africaine et aux organisations francophones dans les domaines du dialogue et de la m\u00e9diation.<\/p>\n<p>Meguett a enfin salu\u00e9 la port\u00e9e du dialogue parlementaire francophone et exprim\u00e9 l\u2019espoir que les \u00e9changes permettront de d\u00e9gager des pistes concr\u00e8tes pour renforcer la s\u00e9curit\u00e9 sur le continent.<\/p>\n<p>Intervenant au nom de la d\u00e9l\u00e9gation marocaine, Mohamed Ben Omar, vice-pr\u00e9sident de la Chambre des d\u00e9put\u00e9s, a rappel\u00e9 que l\u2019Afrique fait face depuis des ann\u00e9es \u00e0 une mont\u00e9e de l\u2019extr\u00e9misme et du terrorisme. Il a indiqu\u00e9 que l\u2019Organisation internationale de la Francophonie intensifie ses efforts pour r\u00e9pondre \u00e0 ces d\u00e9fis et a insist\u00e9 sur l\u2019importance de l\u00e9gislations visant \u00e0 lutter contre la pauvret\u00e9, la marginalisation et \u00e0 promouvoir la bonne gouvernance.<\/p>\n","protected":false},"excerpt":{"rendered":"<p>Un s\u00e9minaire international consacr\u00e9 aux d\u00e9fis de la paix et de la s\u00e9curit\u00e9 en Afrique s\u2019est ouvert mardi \u00e0 Nouakchott, sous la pr\u00e9sidence du Pr\u00e9sident de l\u2019Assembl\u00e9e nationale, Mohamed Bamba Meguett. Organis\u00e9 par l\u2019Assembl\u00e9e nationale mauritanienne en partenariat avec l\u2019Assembl\u00e9e parlementaire de la Francophonie (APF), l\u2019\u00e9v\u00e9nement r\u00e9unit pendant deux jours des parlementaires de plusieurs pays &hellip;<\/p>\n","protected":false},"author":2,"featured_media":19385,"comment_status":"open","ping_status":"open","sticky":false,"template":"","format":"standard","meta":{"footnotes":""},"categories":[18,29],"tags":[],"class_list":["post-19384","post","type-post","status-publish","format-standard","has-post-thumbnail","hentry","category-actualites","category-monde"],"_links":{"self":[{"href":"https:\/\/ladepeche.mr\/index.php?rest_route=\/wp\/v2\/posts\/19384","targetHints":{"allow":["GET"]}}],"collection":[{"href":"https:\/\/ladepeche.mr\/index.php?rest_route=\/wp\/v2\/posts"}],"about":[{"href":"https:\/\/ladepeche.mr\/index.php?rest_route=\/wp\/v2\/types\/post"}],"author":[{"embeddable":true,"href":"https:\/\/ladepeche.mr\/index.php?rest_route=\/wp\/v2\/users\/2"}],"replies":[{"embeddable":true,"href":"https:\/\/ladepeche.mr\/index.php?rest_route=%2Fwp%2Fv2%2Fcomments&post=19384"}],"version-history":[{"count":1,"href":"https:\/\/ladepeche.mr\/index.php?rest_route=\/wp\/v2\/posts\/19384\/revisions"}],"predecessor-version":[{"id":19386,"href":"https:\/\/ladepeche.mr\/index.php?rest_route=\/wp\/v2\/posts\/19384\/revisions\/19386"}],"wp:featuredmedia":[{"embeddable":true,"href":"https:\/\/ladepeche.mr\/index.php?rest_route=\/wp\/v2\/media\/19385"}],"wp:attachment":[{"href":"https:\/\/ladepeche.mr\/index.php?rest_route=%2Fwp%2Fv2%2Fmedia&parent=19384"}],"wp:term":[{"taxonomy":"category","embeddable":true,"href":"https:\/\/ladepeche.mr\/index.php?rest_route=%2Fwp%2Fv2%2Fcategories&post=19384"},{"taxonomy":"post_tag","embeddable":true,"href":"https:\/\/ladepeche.mr\/index.php?rest_route=%2Fwp%2Fv2%2Ftags&post=19384"}],"curies":[{"name":"wp","href":"https:\/\/api.w.org\/{rel}","templated":true}]}}