{"id":19395,"date":"2025-11-27T11:27:06","date_gmt":"2025-11-27T11:27:06","guid":{"rendered":"https:\/\/ladepeche.mr\/?p=19395"},"modified":"2025-11-27T11:28:20","modified_gmt":"2025-11-27T11:28:20","slug":"nigeria-tinubu-decrete-letat-durgence-securitaire-national","status":"publish","type":"post","link":"https:\/\/ladepeche.mr\/?p=19395","title":{"rendered":"Nigeria : Tinubu d\u00e9cr\u00e8te l&#8217;\u00e9tat d&#8217;urgence s\u00e9curitaire national"},"content":{"rendered":"<p>Face \u00e0 la recrudescence des attaques et des enl\u00e8vements, le chef de l\u2019\u00c9tat lance une refonte compl\u00e8te des forces de l\u2019ordre. L\u2019arm\u00e9e et la police sont appel\u00e9es \u00e0 recruter 20 000 agents suppl\u00e9mentaires, en plus des 30 000 d\u00e9j\u00e0 approuv\u00e9s.<\/p>\n<p>(&#8230;) Mercredi 26 novembre, le pr\u00e9sident Bola Ahmed Tinubu a d\u00e9cr\u00e9t\u00e9 l\u2019\u00e9tat d\u2019urgence s\u00e9curitaire national, alors que des attaques frappent simultan\u00e9ment plusieurs r\u00e9gions, du centre-ouest au nord-est : \u00e9l\u00e8ves et enseignants kidnapp\u00e9s dans l\u2019\u00c9tat de Niger, lyc\u00e9ennes enlev\u00e9es dans le Kebbi, fid\u00e8les pris pour cible au Kwara et jeunes filles dans le Borno.<br \/>\nPour r\u00e9pondre \u00e0 cette crise, le chef de l\u2019\u00c9tat lance une refonte compl\u00e8te des forces de l\u2019ordre. L\u2019arm\u00e9e et la police sont appel\u00e9es \u00e0 recruter 20 000 agents suppl\u00e9mentaires, en plus des 30 000 d\u00e9j\u00e0 approuv\u00e9s. Par ailleurs, il met fin aux escortes polici\u00e8res pour personnalit\u00e9s publiques et c\u00e9l\u00e9brit\u00e9s, afin de red\u00e9ployer des milliers d\u2019officiers vers les zones \u00e0 haut risque, r\u00e9pondant ainsi aux critiques sur la mauvaise r\u00e9partition des effectifs.<\/p>\n<p>La lutte contre les groupes arm\u00e9s constitue \u00e9galement une priorit\u00e9 nationale. Le pr\u00e9sident autorise le d\u00e9ploiement imm\u00e9diat des gardes forestiers, charg\u00e9s de d\u00e9busquer terroristes et bandits cach\u00e9s dans les for\u00eats. Il soutient en outre la cr\u00e9ation d\u2019unit\u00e9s de s\u00e9curit\u00e9 compl\u00e9mentaires au sein des \u00c9tats f\u00e9d\u00e9r\u00e9s pour renforcer l\u2019action de la police f\u00e9d\u00e9rale.<\/p>\n<p>Enfin, Bola Ahmed Tinubu exige la fin du p\u00e2turage libre, pr\u00f4nant l\u2019\u00e9levage en ranch, et annonce le d\u00e9sarmement urgent des d\u00e9tenteurs d\u2019armes ill\u00e9gales.<\/p>\n<p>Ces mesures, parmi les plus radicales depuis le d\u00e9but de son mandat, traduisent la volont\u00e9 du pr\u00e9sident de restaurer la s\u00e9curit\u00e9 dans le pays le plus peupl\u00e9 d\u2019Afrique.<br \/>\nhttps:\/\/www.msn.com\/fr-xl\/actualite\/other\/nigeria-tinubu-d%C3%A9cr%C3%A8te-l-%C3%A9tat-d-urgence-s%C3%A9curitaire-national\/ar-AA1RfL15?ocid=msedgdhp&#038;pc=U531&#038;cvid=692832496e8f43d0ab0d9ca8888c051b&#038;ei=44<\/p>\n","protected":false},"excerpt":{"rendered":"<p>Face \u00e0 la recrudescence des attaques et des enl\u00e8vements, le chef de l\u2019\u00c9tat lance une refonte compl\u00e8te des forces de l\u2019ordre. L\u2019arm\u00e9e et la police sont appel\u00e9es \u00e0 recruter 20 000 agents suppl\u00e9mentaires, en plus des 30 000 d\u00e9j\u00e0 approuv\u00e9s. (&#8230;) Mercredi 26 novembre, le pr\u00e9sident Bola Ahmed Tinubu a d\u00e9cr\u00e9t\u00e9 l\u2019\u00e9tat d\u2019urgence s\u00e9curitaire national, &hellip;<\/p>\n","protected":false},"author":2,"featured_media":19396,"comment_status":"open","ping_status":"open","sticky":false,"template":"","format":"standard","meta":{"footnotes":""},"categories":[18,29],"tags":[],"class_list":["post-19395","post","type-post","status-publish","format-standard","has-post-thumbnail","hentry","category-actualites","category-monde"],"_links":{"self":[{"href":"https:\/\/ladepeche.mr\/index.php?rest_route=\/wp\/v2\/posts\/19395","targetHints":{"allow":["GET"]}}],"collection":[{"href":"https:\/\/ladepeche.mr\/index.php?rest_route=\/wp\/v2\/posts"}],"about":[{"href":"https:\/\/ladepeche.mr\/index.php?rest_route=\/wp\/v2\/types\/post"}],"author":[{"embeddable":true,"href":"https:\/\/ladepeche.mr\/index.php?rest_route=\/wp\/v2\/users\/2"}],"replies":[{"embeddable":true,"href":"https:\/\/ladepeche.mr\/index.php?rest_route=%2Fwp%2Fv2%2Fcomments&post=19395"}],"version-history":[{"count":3,"href":"https:\/\/ladepeche.mr\/index.php?rest_route=\/wp\/v2\/posts\/19395\/revisions"}],"predecessor-version":[{"id":19399,"href":"https:\/\/ladepeche.mr\/index.php?rest_route=\/wp\/v2\/posts\/19395\/revisions\/19399"}],"wp:featuredmedia":[{"embeddable":true,"href":"https:\/\/ladepeche.mr\/index.php?rest_route=\/wp\/v2\/media\/19396"}],"wp:attachment":[{"href":"https:\/\/ladepeche.mr\/index.php?rest_route=%2Fwp%2Fv2%2Fmedia&parent=19395"}],"wp:term":[{"taxonomy":"category","embeddable":true,"href":"https:\/\/ladepeche.mr\/index.php?rest_route=%2Fwp%2Fv2%2Fcategories&post=19395"},{"taxonomy":"post_tag","embeddable":true,"href":"https:\/\/ladepeche.mr\/index.php?rest_route=%2Fwp%2Fv2%2Ftags&post=19395"}],"curies":[{"name":"wp","href":"https:\/\/api.w.org\/{rel}","templated":true}]}}