{"id":19400,"date":"2025-11-27T12:00:51","date_gmt":"2025-11-27T12:00:51","guid":{"rendered":"https:\/\/ladepeche.mr\/?p=19400"},"modified":"2025-11-27T11:32:05","modified_gmt":"2025-11-27T11:32:05","slug":"115-5k-abonnes-guinee-bissau-des-soldats-prennent-le-pouvoir-sissoco-embalo-introuvable","status":"publish","type":"post","link":"https:\/\/ladepeche.mr\/?p=19400","title":{"rendered":"Guin\u00e9e-Bissau : des soldats prennent le pouvoir, Sissoco Embalo introuvable"},"content":{"rendered":"<p>Des soldats ont d\u00e9clar\u00e9 \u00e0 la t\u00e9l\u00e9vision d&#8217;\u00c9tat avoir pris le pouvoir de la Guin\u00e9e-Bissau ce mercredi 26 novembre. Cette allocution s\u2019est produite \u00e0 la suite d&#8217;informations faisant \u00e9tat de coups de feu pr\u00e8s du palais pr\u00e9sidentiel. Le haut commandement militaire a d\u00e9clar\u00e9 qu&#8217;il &#8220;venait d&#8217;assumer les pleins pouvoirs de l&#8217;\u00c9tat.<br \/>\n&#8220;Le Haut Commandement Militaire pour le r\u00e9tablissement de l&#8217;ordre national et public d\u00e9cide de d\u00e9poser imm\u00e9diatement le Pr\u00e9sident de la R\u00e9publique, de suspendre, jusqu&#8217;\u00e0 nouvel ordre, toutes les institutions de la R\u00e9publique de Guin\u00e9e-Bissau, de suspendre, jusqu&#8217;\u00e0 nouvel ordre, les activit\u00e9s de tous les m\u00e9dias, de suspendre imm\u00e9diatement le processus \u00e9lectoral en cours, de fermer les fronti\u00e8res terrestres, maritimes et l&#8217;espace a\u00e9rien national&#8221;, a d\u00e9cla\u00e9 Dinis N&#8217;Tchama, porte-parole militaire .<\/p>\n<p>Un journaliste de l&#8217;Associated Press a vu des routes menant au palais ferm\u00e9, avec des points de contr\u00f4le tenus par des soldats lourdement arm\u00e9s et masqu\u00e9s.<\/p>\n<p>Le pr\u00e9sident Umaro Sissoco Embal\u00f3 reste pour le moment introuvable.<\/p>\n<p>Les \u00e9lections pr\u00e9sidentielles et l\u00e9gislatives ont eu lieu au d\u00e9but du mois. Le pr\u00e9sident sortant et le candidat de l&#8217;opposition Fernando Dias da Costa ont tous deux revendiqu\u00e9 la victoire mardi, m\u00eame si les r\u00e9sultats officiels provisoires ne sont pas attendus avant jeudi.<br \/>\nhttps:\/\/www.msn.com\/fr-xl\/actualite\/other\/guin%C3%A9e-bissau-des-soldats-prennent-le-pouvoir-sissoco-embalo-introuvable\/ar-AA1RdldI?ocid=msedgdhp&#038;pc=U531&#038;cvid=692832496e8f43d0ab0d9ca8888c051b&#038;ei=53<\/p>\n","protected":false},"excerpt":{"rendered":"<p>Des soldats ont d\u00e9clar\u00e9 \u00e0 la t\u00e9l\u00e9vision d&#8217;\u00c9tat avoir pris le pouvoir de la Guin\u00e9e-Bissau ce mercredi 26 novembre. Cette allocution s\u2019est produite \u00e0 la suite d&#8217;informations faisant \u00e9tat de coups de feu pr\u00e8s du palais pr\u00e9sidentiel. Le haut commandement militaire a d\u00e9clar\u00e9 qu&#8217;il &#8220;venait d&#8217;assumer les pleins pouvoirs de l&#8217;\u00c9tat. &#8220;Le Haut Commandement Militaire &hellip;<\/p>\n","protected":false},"author":2,"featured_media":19401,"comment_status":"open","ping_status":"open","sticky":false,"template":"","format":"standard","meta":{"footnotes":""},"categories":[18,29],"tags":[],"class_list":["post-19400","post","type-post","status-publish","format-standard","has-post-thumbnail","hentry","category-actualites","category-monde"],"_links":{"self":[{"href":"https:\/\/ladepeche.mr\/index.php?rest_route=\/wp\/v2\/posts\/19400","targetHints":{"allow":["GET"]}}],"collection":[{"href":"https:\/\/ladepeche.mr\/index.php?rest_route=\/wp\/v2\/posts"}],"about":[{"href":"https:\/\/ladepeche.mr\/index.php?rest_route=\/wp\/v2\/types\/post"}],"author":[{"embeddable":true,"href":"https:\/\/ladepeche.mr\/index.php?rest_route=\/wp\/v2\/users\/2"}],"replies":[{"embeddable":true,"href":"https:\/\/ladepeche.mr\/index.php?rest_route=%2Fwp%2Fv2%2Fcomments&post=19400"}],"version-history":[{"count":2,"href":"https:\/\/ladepeche.mr\/index.php?rest_route=\/wp\/v2\/posts\/19400\/revisions"}],"predecessor-version":[{"id":19403,"href":"https:\/\/ladepeche.mr\/index.php?rest_route=\/wp\/v2\/posts\/19400\/revisions\/19403"}],"wp:featuredmedia":[{"embeddable":true,"href":"https:\/\/ladepeche.mr\/index.php?rest_route=\/wp\/v2\/media\/19401"}],"wp:attachment":[{"href":"https:\/\/ladepeche.mr\/index.php?rest_route=%2Fwp%2Fv2%2Fmedia&parent=19400"}],"wp:term":[{"taxonomy":"category","embeddable":true,"href":"https:\/\/ladepeche.mr\/index.php?rest_route=%2Fwp%2Fv2%2Fcategories&post=19400"},{"taxonomy":"post_tag","embeddable":true,"href":"https:\/\/ladepeche.mr\/index.php?rest_route=%2Fwp%2Fv2%2Ftags&post=19400"}],"curies":[{"name":"wp","href":"https:\/\/api.w.org\/{rel}","templated":true}]}}