{"id":19427,"date":"2025-11-28T14:52:38","date_gmt":"2025-11-28T14:52:38","guid":{"rendered":"https:\/\/ladepeche.mr\/?p=19427"},"modified":"2025-11-28T14:52:38","modified_gmt":"2025-11-28T14:52:38","slug":"tunisie-kais-saied-denonce-une-ingerence-flagrante-apres-une-resolution-du-parlement-europeen","status":"publish","type":"post","link":"https:\/\/ladepeche.mr\/?p=19427","title":{"rendered":"Tunisie : Ka\u00efs Sa\u00efed d\u00e9nonce une \u00ab ing\u00e9rence flagrante \u00bb apr\u00e8s une r\u00e9solution du Parlement europ\u00e9en"},"content":{"rendered":"<p>La d\u00e9claration du chef d\u2019\u00c9tat intervient apr\u00e8s que Parlement europ\u00e9en a vot\u00e9 une r\u00e9solution appelant \u00ab \u00e0 la lib\u00e9ration \u00bb des personnes d\u00e9tenues &#8220;pour avoir exerc\u00e9 leur libert\u00e9 d\u2019expression&#8221;.<br \/>\nLe pr\u00e9sident tunisien Ka\u00efs Sa\u00efed a qualifi\u00e9 ce 28 novembre d\u2019\u00ab ing\u00e9rence flagrante \u00bb dans les affaires int\u00e9rieures du pays une r\u00e9solution adopt\u00e9e par le Parlement europ\u00e9en appelant \u00ab \u00e0 la lib\u00e9ration \u00bb des personnes d\u00e9tenues pour avoir exerc\u00e9 leur libert\u00e9 d\u2019expression, selon un communiqu\u00e9 officiel.<\/p>\n<p>En recevant son chef de la diplomatie, Mohamed Ali Nafti, Ka\u00efs Sa\u00efed lui a demand\u00e9 de manifester aupr\u00e8s des Europ\u00e9ens qui \u00ab peuvent apprendre des le\u00e7ons de [leur] part dans le domaine des droits et libert\u00e9s \u00bb. Le Parlement europ\u00e9en a vot\u00e9 jeudi 27 novembre une r\u00e9solution appelant \u00e0 lib\u00e9rer \u00ab toutes les personnes d\u00e9tenues pour avoir exerc\u00e9 leur droit \u00e0 la libert\u00e9 d\u2019expression, y compris les prisonniers politiques et les d\u00e9fenseurs des droits humains \u00bb.<\/p>\n<p>Les eurod\u00e9put\u00e9s avaient d\u00e9j\u00e0 adopt\u00e9 des r\u00e9solutions s\u00e9v\u00e8res \u00e0 l\u2019\u00e9gard de Tunis en 2021 et 2023, estimant \u00e0 chaque fois que les aides apport\u00e9es au pays devaient \u00eatre conditionn\u00e9es \u00e0 des crit\u00e8res de respect des droits humains et de libert\u00e9 d\u2019expression. Ces avis restent toutefois consultatifs.<\/p>\n<p>(Avec AFP)<br \/>\nhttps:\/\/www.msn.com\/fr-xl\/actualite\/other\/tunisie-ka%C3%AFs-sa%C3%AFed-d%C3%A9nonce-une-ing%C3%A9rence-flagrante-apr%C3%A8s-une-r%C3%A9solution-du-parlement-europ%C3%A9en\/ar-AA1RjuSD?ocid=msedgdhp&#038;pc=U531&#038;cvid=424011c155244100fb9047dc86a97f75&#038;ei=42<\/p>\n","protected":false},"excerpt":{"rendered":"<p>La d\u00e9claration du chef d\u2019\u00c9tat intervient apr\u00e8s que Parlement europ\u00e9en a vot\u00e9 une r\u00e9solution appelant \u00ab \u00e0 la lib\u00e9ration \u00bb des personnes d\u00e9tenues &#8220;pour avoir exerc\u00e9 leur libert\u00e9 d\u2019expression&#8221;. Le pr\u00e9sident tunisien Ka\u00efs Sa\u00efed a qualifi\u00e9 ce 28 novembre d\u2019\u00ab ing\u00e9rence flagrante \u00bb dans les affaires int\u00e9rieures du pays une r\u00e9solution adopt\u00e9e par le Parlement &hellip;<\/p>\n","protected":false},"author":2,"featured_media":19428,"comment_status":"open","ping_status":"open","sticky":false,"template":"","format":"standard","meta":{"footnotes":""},"categories":[18,29],"tags":[],"class_list":["post-19427","post","type-post","status-publish","format-standard","has-post-thumbnail","hentry","category-actualites","category-monde"],"_links":{"self":[{"href":"https:\/\/ladepeche.mr\/index.php?rest_route=\/wp\/v2\/posts\/19427","targetHints":{"allow":["GET"]}}],"collection":[{"href":"https:\/\/ladepeche.mr\/index.php?rest_route=\/wp\/v2\/posts"}],"about":[{"href":"https:\/\/ladepeche.mr\/index.php?rest_route=\/wp\/v2\/types\/post"}],"author":[{"embeddable":true,"href":"https:\/\/ladepeche.mr\/index.php?rest_route=\/wp\/v2\/users\/2"}],"replies":[{"embeddable":true,"href":"https:\/\/ladepeche.mr\/index.php?rest_route=%2Fwp%2Fv2%2Fcomments&post=19427"}],"version-history":[{"count":1,"href":"https:\/\/ladepeche.mr\/index.php?rest_route=\/wp\/v2\/posts\/19427\/revisions"}],"predecessor-version":[{"id":19429,"href":"https:\/\/ladepeche.mr\/index.php?rest_route=\/wp\/v2\/posts\/19427\/revisions\/19429"}],"wp:featuredmedia":[{"embeddable":true,"href":"https:\/\/ladepeche.mr\/index.php?rest_route=\/wp\/v2\/media\/19428"}],"wp:attachment":[{"href":"https:\/\/ladepeche.mr\/index.php?rest_route=%2Fwp%2Fv2%2Fmedia&parent=19427"}],"wp:term":[{"taxonomy":"category","embeddable":true,"href":"https:\/\/ladepeche.mr\/index.php?rest_route=%2Fwp%2Fv2%2Fcategories&post=19427"},{"taxonomy":"post_tag","embeddable":true,"href":"https:\/\/ladepeche.mr\/index.php?rest_route=%2Fwp%2Fv2%2Ftags&post=19427"}],"curies":[{"name":"wp","href":"https:\/\/api.w.org\/{rel}","templated":true}]}}