{"id":19440,"date":"2025-11-29T14:48:01","date_gmt":"2025-11-29T14:48:01","guid":{"rendered":"https:\/\/ladepeche.mr\/?p=19440"},"modified":"2025-11-29T14:48:01","modified_gmt":"2025-11-29T14:48:01","slug":"guinee-bissau-la-cedeao-exige-le-retablissement-immediat-de-lordre-constitutionnel","status":"publish","type":"post","link":"https:\/\/ladepeche.mr\/?p=19440","title":{"rendered":"Guin\u00e9e-Bissau : la CEDEAO exige le r\u00e9tablissement imm\u00e9diat de l&#8217;ordre constitutionnel"},"content":{"rendered":"<p>L&#8217;institution a salu\u00e9 la mobilisation des citoyens bissau-guin\u00e9ens lors des \u00e9lections pr\u00e9sidentielle et l\u00e9gislative du 23 novembre, avant de condamner \u00ab avec la plus grande fermet\u00e9 \u00bb l&#8217;interruption ill\u00e9gale du processus \u00e9lectoral. Elle rejette tout arrangement qui pourrait d\u00e9naturer l&#8217;expression du suffrage populaire et appelle les militaires \u00e0 assumer leur responsabilit\u00e9 dans la protection des vies, des biens et de la s\u00e9curit\u00e9 des d\u00e9tenus.<\/p>\n<p>La CEDEAO r\u00e9clame la lib\u00e9ration imm\u00e9diate de toutes les personnalit\u00e9s arr\u00eat\u00e9es, notamment le pr\u00e9sident Umaro Sissoco Embal\u00f3, les responsables s\u00e9curitaires ainsi que les membres des organes \u00e9lectoraux. En s&#8217;appuyant sur son Protocole de 2001 relatif \u00e0 la d\u00e9mocratie et \u00e0 la bonne gouvernance, l&#8217;organisation a annonc\u00e9 la suspension de la Guin\u00e9e-Bissau de tous ses organes d\u00e9cisionnels jusqu&#8217;au r\u00e9tablissement d&#8217;un ordre constitutionnel.<br \/>\nPour favoriser un retour rapide \u00e0 la normalit\u00e9, une mission de m\u00e9diation de haut niveau, conduite par Julius Maada Bio et comprenant les pr\u00e9sidents Faure Gnassingb\u00e9, Jos\u00e9 Maria Pereira Neves et Bassirou Diomaye Faye, se rendra \u00e0 Bissau afin de dialoguer avec les militaires et d&#8217;\u00e9valuer la situation.<\/p>\n<p>Le MSC a \u00e9galement instruit la Mission d&#8217;appui \u00e0 la stabilisation de la CEDEAO en Guin\u00e9e-Bissau (ESSMGB) de renforcer la protection des institutions nationales et rappel\u00e9 aux forces arm\u00e9es leur devoir de regagner leurs casernes. L&#8217;organisation affirme rester mobilis\u00e9e et pr\u00eate \u00e0 appliquer toutes les mesures pr\u00e9vues par ses textes, y compris des sanctions contre les auteurs du putsch.<\/p>\n<p>SYS<br \/>\nhttps:\/\/www.msn.com\/fr-xl\/afrique-de-l-ouest\/cote-ivoire-actualite\/guin%C3%A9e-bissau-la-cedeao-exige-le-r%C3%A9tablissement-imm%C3%A9diat-de-l-ordre-constitutionnel\/ar-AA1RkvHl?ocid=msedgdhp&#038;pc=U531&#038;cvid=692afd688fe64044ba864b9fca2605f4&#038;ei=31<\/p>\n","protected":false},"excerpt":{"rendered":"<p>L&#8217;institution a salu\u00e9 la mobilisation des citoyens bissau-guin\u00e9ens lors des \u00e9lections pr\u00e9sidentielle et l\u00e9gislative du 23 novembre, avant de condamner \u00ab avec la plus grande fermet\u00e9 \u00bb l&#8217;interruption ill\u00e9gale du processus \u00e9lectoral. Elle rejette tout arrangement qui pourrait d\u00e9naturer l&#8217;expression du suffrage populaire et appelle les militaires \u00e0 assumer leur responsabilit\u00e9 dans la protection des &hellip;<\/p>\n","protected":false},"author":2,"featured_media":19441,"comment_status":"open","ping_status":"open","sticky":false,"template":"","format":"standard","meta":{"footnotes":""},"categories":[18,29],"tags":[],"class_list":["post-19440","post","type-post","status-publish","format-standard","has-post-thumbnail","hentry","category-actualites","category-monde"],"_links":{"self":[{"href":"https:\/\/ladepeche.mr\/index.php?rest_route=\/wp\/v2\/posts\/19440","targetHints":{"allow":["GET"]}}],"collection":[{"href":"https:\/\/ladepeche.mr\/index.php?rest_route=\/wp\/v2\/posts"}],"about":[{"href":"https:\/\/ladepeche.mr\/index.php?rest_route=\/wp\/v2\/types\/post"}],"author":[{"embeddable":true,"href":"https:\/\/ladepeche.mr\/index.php?rest_route=\/wp\/v2\/users\/2"}],"replies":[{"embeddable":true,"href":"https:\/\/ladepeche.mr\/index.php?rest_route=%2Fwp%2Fv2%2Fcomments&post=19440"}],"version-history":[{"count":1,"href":"https:\/\/ladepeche.mr\/index.php?rest_route=\/wp\/v2\/posts\/19440\/revisions"}],"predecessor-version":[{"id":19442,"href":"https:\/\/ladepeche.mr\/index.php?rest_route=\/wp\/v2\/posts\/19440\/revisions\/19442"}],"wp:featuredmedia":[{"embeddable":true,"href":"https:\/\/ladepeche.mr\/index.php?rest_route=\/wp\/v2\/media\/19441"}],"wp:attachment":[{"href":"https:\/\/ladepeche.mr\/index.php?rest_route=%2Fwp%2Fv2%2Fmedia&parent=19440"}],"wp:term":[{"taxonomy":"category","embeddable":true,"href":"https:\/\/ladepeche.mr\/index.php?rest_route=%2Fwp%2Fv2%2Fcategories&post=19440"},{"taxonomy":"post_tag","embeddable":true,"href":"https:\/\/ladepeche.mr\/index.php?rest_route=%2Fwp%2Fv2%2Ftags&post=19440"}],"curies":[{"name":"wp","href":"https:\/\/api.w.org\/{rel}","templated":true}]}}