{"id":19450,"date":"2025-11-29T18:35:34","date_gmt":"2025-11-29T18:35:34","guid":{"rendered":"https:\/\/ladepeche.mr\/?p=19450"},"modified":"2025-11-29T18:35:34","modified_gmt":"2025-11-29T18:35:34","slug":"des-milliers-de-personnes-manifestent-a-paris-en-soutien-aux-palestiniens","status":"publish","type":"post","link":"https:\/\/ladepeche.mr\/?p=19450","title":{"rendered":"Des milliers de personnes manifestent \u00e0 Paris en soutien aux Palestiniens"},"content":{"rendered":"<p>Plusieurs dizaines de milliers de personnes, selon les organisateurs, ont manifest\u00e9 samedi \u00e0 Paris pour apporter leur soutien aux Palestiniens de la bande de Gaza, ravag\u00e9e par plus de deux ans de guerre entre Isra\u00ebl et le mouvement islamiste palestinien Hamas.<\/p>\n<p>Une foule dense a d\u00e9fil\u00e9 entre les places de la R\u00e9publique et de la Nation aux cris de &#8220;De Paris a Gaza, r\u00e9sistance!&#8221;, &#8220;Gaza, Gaza, Paris est avec toi&#8221;, brandissant drapeaux palestiniens et pancartes &#8220;Palestine, on ne nous fera pas taire&#8221; ou encore &#8220;Gaza, silence on tue. Stop g\u00e9nocide&#8221;.<\/p>\n<div class=\"slide\"><img decoding=\"async\" class=\"i-amphtml-fill-content i-amphtml-replaced-content\" src=\"https:\/\/information.tv5monde.com\/sites\/tv5-info\/files\/styles\/max_650x650\/public\/2025-11\/field_media_image-2971148-e7f65f8b2b9ac0d542c1ce66722808e2b745feaa.jpg?itok=tzTH0axy\" alt=\"Le chef de file de La France insoumise Jean-Luc M\u00e9lenchon participe \u00e0 une manifestation en soutien aux Palestiniens de la bande de Gaza, le 29 novembre 2025 \u00e0 Paris\" \/><\/p>\n<div class=\"caption\">\n<p>Le chef de file de La France insoumise Jean-Luc M\u00e9lenchon participe \u00e0 une manifestation en soutien aux Palestiniens de la bande de Gaza, le 29 novembre 2025 \u00e0 Paris<\/p>\n<p>AFP<\/p><\/div>\n<\/div>\n<p>Quelques personnalit\u00e9s politiques de gauche, dont le chef de file de La France insoumise Jean-Luc M\u00e9lenchon, faisait partie du cort\u00e8ge.<\/p>\n<p>Sept semaines apr\u00e8s un cessez-le-feu entr\u00e9 en vigueur le 10 octobre, &#8220;il faut rappeler que rien n&#8217;est r\u00e9gl\u00e9&#8221;, d\u00e9clare \u00e0 l&#8217;AFP Anne Tuaillon, pr\u00e9sidente de l&#8217;Association France Palestine Solidarit\u00e9 (AFPS), une des 80 ONG (Amnesty, Cimade, Attac&#8230;), partis (LFI, \u00c9cologistes, PCF&#8230;), syndicats (CGT, Solidaires, FSU&#8230;) qui avaient appel\u00e9 \u00e0 manifester.<\/p>\n<p>&#8220;Le cessez-le-feu est un \u00e9cran de fum\u00e9e (&#8230;). Isra\u00ebl le viole tous les jours, Isra\u00ebl continue d&#8217;emp\u00eacher l&#8217;aide humanitaire de rentrer \u00e0 Gaza et continue de d\u00e9truire les infrastructures et les maisons \u00e0 Gaza. Nous demandons un cessez-le-feu d\u00e9finitif et la fin du g\u00e9nocide&#8221;, ajoute-t-elle.<\/p>\n<div class=\"slide\"><img decoding=\"async\" class=\"i-amphtml-fill-content i-amphtml-replaced-content\" src=\"https:\/\/information.tv5monde.com\/sites\/tv5-info\/files\/styles\/max_650x650\/public\/2025-11\/field_media_image-2971149-ed81badd8ccb72f76a0000e253d40471af31b8ff.jpg?itok=TF_Xok1U\" alt=\"Manifestation en soutien aux Palestiniens de la bande de Gaza, le 29 novembre 2025 \u00e0 Paris\" \/><\/p>\n<div class=\"caption\">\n<p>Manifestation en soutien aux Palestiniens de la bande de Gaza, le 29 novembre 2025 \u00e0 Paris<\/p>\n<p>AFP<\/p><\/div>\n<\/div>\n<p>Aux termes du cessez-le-feu obtenu par les Etats-Unis, l&#8217;arm\u00e9e isra\u00e9lienne s&#8217;est repli\u00e9e \u00e0 l&#8217;int\u00e9rieur de la bande de Gaza, au-del\u00e0 d&#8217;une &#8220;ligne jaune&#8221; qui lui conf\u00e8re encore le contr\u00f4le de plus de 50% du territoire.<\/p>\n<p>Mais la tr\u00eave dans cette guerre d\u00e9clench\u00e9e par l&#8217;attaque sanglante du Hamas sur Isra\u00ebl le 7 octobre 2023 reste tr\u00e8s fragile, les deux bellig\u00e9rants s&#8217;accusant mutuellement de la violer quotidiennement.<\/p>\n<p>&#8220;Il faut des sanctions, c&#8217;est le seul moyen pour qu&#8217;Isra\u00ebl applique le droit international&#8221;, exhorte Mme Tuaillon, en d\u00e9non\u00e7ant &#8220;l&#8217;acc\u00e9l\u00e9ration invraisemblable de la colonisation&#8221; en Cisjordanie, ainsi que la violence des colons qui &#8220;atteint des proportions jamais atteintes&#8221;.<\/p>\n<p>B\u00e9ret sur la t\u00eate et drapeau palestinien sur le dos, Saleha, 72 ans, qui a souhait\u00e9 garder l&#8217;anonymat, d\u00e9file contre le &#8220;g\u00e9nocide&#8221; \u00e0 Gaza.<\/p>\n<div class=\"slide\"><img decoding=\"async\" class=\"i-amphtml-fill-content i-amphtml-replaced-content\" src=\"https:\/\/information.tv5monde.com\/sites\/tv5-info\/files\/styles\/max_650x650\/public\/2025-11\/field_media_image-2971150-5a4cec3db35375fd9b5a504c2d060ef05c641864.jpg?itok=3CBRoPuJ\" alt=\"Manifestation en soutien aux Palestiniens de la bande de Gaza, le 29 novembre 2025 \u00e0 Paris\" \/><\/p>\n<div class=\"caption\">\n<p>Manifestation en soutien aux Palestiniens de la bande de Gaza, le 29 novembre 2025 \u00e0 Paris<\/p>\n<p>AFP<\/p><\/div>\n<\/div>\n<p>Bertrand, technicien informatique de 42 ans qui souhaite \u00e9galement rester anonyme, estime lui aussi que &#8220;le massacre et le g\u00e9nocide continuent&#8221;, comme en t\u00e9moigne selon lui les vid\u00e9os de deux hommes abattus jeudi lors d&#8217;une op\u00e9ration conjointe de la police et l&#8217;arm\u00e9e isra\u00e9liennes \u00e0 J\u00e9nine. L&#8217;ONU a demand\u00e9 une enqu\u00eate apr\u00e8s cette &#8220;apparente ex\u00e9cution sommaire&#8221;.<\/p>\n<p>En fin de journ\u00e9e, la pr\u00e9fecture de police n&#8217;avait pas donn\u00e9 de chiffres de participation.<\/p>\n<p>https:\/\/information.tv5monde.com\/france\/des-milliers-de-personnes-manifestent-paris-en-soutien-aux-palestiniens-2799550?amp<\/p>\n","protected":false},"excerpt":{"rendered":"<p>Plusieurs dizaines de milliers de personnes, selon les organisateurs, ont manifest\u00e9 samedi \u00e0 Paris pour apporter leur soutien aux Palestiniens de la bande de Gaza, ravag\u00e9e par plus de deux ans de guerre entre Isra\u00ebl et le mouvement islamiste palestinien Hamas. Une foule dense a d\u00e9fil\u00e9 entre les places de la R\u00e9publique et de la &hellip;<\/p>\n","protected":false},"author":2,"featured_media":19451,"comment_status":"open","ping_status":"open","sticky":false,"template":"","format":"standard","meta":{"footnotes":""},"categories":[18,29],"tags":[],"class_list":["post-19450","post","type-post","status-publish","format-standard","has-post-thumbnail","hentry","category-actualites","category-monde"],"_links":{"self":[{"href":"https:\/\/ladepeche.mr\/index.php?rest_route=\/wp\/v2\/posts\/19450","targetHints":{"allow":["GET"]}}],"collection":[{"href":"https:\/\/ladepeche.mr\/index.php?rest_route=\/wp\/v2\/posts"}],"about":[{"href":"https:\/\/ladepeche.mr\/index.php?rest_route=\/wp\/v2\/types\/post"}],"author":[{"embeddable":true,"href":"https:\/\/ladepeche.mr\/index.php?rest_route=\/wp\/v2\/users\/2"}],"replies":[{"embeddable":true,"href":"https:\/\/ladepeche.mr\/index.php?rest_route=%2Fwp%2Fv2%2Fcomments&post=19450"}],"version-history":[{"count":1,"href":"https:\/\/ladepeche.mr\/index.php?rest_route=\/wp\/v2\/posts\/19450\/revisions"}],"predecessor-version":[{"id":19452,"href":"https:\/\/ladepeche.mr\/index.php?rest_route=\/wp\/v2\/posts\/19450\/revisions\/19452"}],"wp:featuredmedia":[{"embeddable":true,"href":"https:\/\/ladepeche.mr\/index.php?rest_route=\/wp\/v2\/media\/19451"}],"wp:attachment":[{"href":"https:\/\/ladepeche.mr\/index.php?rest_route=%2Fwp%2Fv2%2Fmedia&parent=19450"}],"wp:term":[{"taxonomy":"category","embeddable":true,"href":"https:\/\/ladepeche.mr\/index.php?rest_route=%2Fwp%2Fv2%2Fcategories&post=19450"},{"taxonomy":"post_tag","embeddable":true,"href":"https:\/\/ladepeche.mr\/index.php?rest_route=%2Fwp%2Fv2%2Ftags&post=19450"}],"curies":[{"name":"wp","href":"https:\/\/api.w.org\/{rel}","templated":true}]}}