{"id":19453,"date":"2025-11-30T09:30:46","date_gmt":"2025-11-30T09:30:46","guid":{"rendered":"https:\/\/ladepeche.mr\/?p=19453"},"modified":"2025-11-29T23:04:00","modified_gmt":"2025-11-29T23:04:00","slug":"la-somalie-saligne-sur-la-resolution-2797-et-reitere-son-appui-au-royaume-du-maroc","status":"publish","type":"post","link":"https:\/\/ladepeche.mr\/?p=19453","title":{"rendered":"La Somalie s\u2019aligne sur la r\u00e9solution 2797 et r\u00e9it\u00e8re son appui au Royaume du Maroc"},"content":{"rendered":"<p>La R\u00e9publique f\u00e9d\u00e9rale de Somalie a r\u00e9it\u00e9r\u00e9, vendredi, son soutien \u00e0 l\u2019int\u00e9grit\u00e9 territoriale et \u00e0 la souverainet\u00e9 du Maroc sur l\u2019ensemble de son territoire, en saluant l\u2019adoption de la r\u00e9solution 2797 du Conseil de S\u00e9curit\u00e9 de l\u2019ONU.<\/p>\n<p>En visite officielle au Maroc, le ministre des Affaires \u00e9trang\u00e8res et de la Coop\u00e9ration internationale de la R\u00e9publique f\u00e9d\u00e9rale de Somalie, Abdisalam Abdi Ali, s\u2019est entretenu avec son homologue marocain, Nasser Bourita. Lors de cette rencontre, le chef de la diplomatie somalienne a r\u00e9affirm\u00e9 la position constante de son pays en faveur de l\u2019int\u00e9grit\u00e9 territoriale et de la souverainet\u00e9 du Maroc sur l\u2019ensemble de son territoire.<\/p>\n<p>Dans un Communiqu\u00e9 Conjoint, sign\u00e9 \u00e0 l\u2019issue des discussions, M. Abdi Ali a not\u00e9 avec grande satisfaction l\u2019adoption de la r\u00e9solution 2797 du Conseil de s\u00e9curit\u00e9 de l\u2019ONU, qui consacre le plan d\u2019autonomie, pr\u00e9sent\u00e9 par le Royaume, dans le cadre de la souverainet\u00e9 marocaine, comme la base d\u2019un r\u00e8glement juste et durable, pour une solution d\u00e9finitive.<\/p>\n<p>Au cours de ces entretiens, M. Abdi Ali a salu\u00e9 les efforts s\u00e9rieux et r\u00e9alistes du Royaume du Maroc visant \u00e0 mettre fin \u00e0 ce diff\u00e9rend r\u00e9gional artificiel, en exprimant le plein soutien de la Somalie aux efforts du Secr\u00e9taire g\u00e9n\u00e9ral des Nations Unies et de son Envoy\u00e9 personnel pour le Sahara.<\/p>\n<p>Pour sa part, M. Nasser Bourita a r\u00e9it\u00e9r\u00e9 la reconnaissance du Maroc envers la R\u00e9publique f\u00e9d\u00e9rale de Somalie pour son vote en faveur de la r\u00e9solution 2797, adopt\u00e9e, le 31 octobre 2025, par le Conseil de S\u00e9curit\u00e9 des Nations Unies. Il a en outre exprim\u00e9 de nouveau \u00e0 son homologue somalien l\u2019attachement du Royaume et son engagement au respect de l\u2019int\u00e9grit\u00e9 territoriale et de la souverainet\u00e9 de la Somalie sur tout son territoire.<\/p>\n<p>(avec m\u00e9dias)<\/p>\n","protected":false},"excerpt":{"rendered":"<p>La R\u00e9publique f\u00e9d\u00e9rale de Somalie a r\u00e9it\u00e9r\u00e9, vendredi, son soutien \u00e0 l\u2019int\u00e9grit\u00e9 territoriale et \u00e0 la souverainet\u00e9 du Maroc sur l\u2019ensemble de son territoire, en saluant l\u2019adoption de la r\u00e9solution 2797 du Conseil de S\u00e9curit\u00e9 de l\u2019ONU. En visite officielle au Maroc, le ministre des Affaires \u00e9trang\u00e8res et de la Coop\u00e9ration internationale de la R\u00e9publique &hellip;<\/p>\n","protected":false},"author":2,"featured_media":19454,"comment_status":"open","ping_status":"open","sticky":false,"template":"","format":"standard","meta":{"footnotes":""},"categories":[18,29],"tags":[],"class_list":["post-19453","post","type-post","status-publish","format-standard","has-post-thumbnail","hentry","category-actualites","category-monde"],"_links":{"self":[{"href":"https:\/\/ladepeche.mr\/index.php?rest_route=\/wp\/v2\/posts\/19453","targetHints":{"allow":["GET"]}}],"collection":[{"href":"https:\/\/ladepeche.mr\/index.php?rest_route=\/wp\/v2\/posts"}],"about":[{"href":"https:\/\/ladepeche.mr\/index.php?rest_route=\/wp\/v2\/types\/post"}],"author":[{"embeddable":true,"href":"https:\/\/ladepeche.mr\/index.php?rest_route=\/wp\/v2\/users\/2"}],"replies":[{"embeddable":true,"href":"https:\/\/ladepeche.mr\/index.php?rest_route=%2Fwp%2Fv2%2Fcomments&post=19453"}],"version-history":[{"count":1,"href":"https:\/\/ladepeche.mr\/index.php?rest_route=\/wp\/v2\/posts\/19453\/revisions"}],"predecessor-version":[{"id":19455,"href":"https:\/\/ladepeche.mr\/index.php?rest_route=\/wp\/v2\/posts\/19453\/revisions\/19455"}],"wp:featuredmedia":[{"embeddable":true,"href":"https:\/\/ladepeche.mr\/index.php?rest_route=\/wp\/v2\/media\/19454"}],"wp:attachment":[{"href":"https:\/\/ladepeche.mr\/index.php?rest_route=%2Fwp%2Fv2%2Fmedia&parent=19453"}],"wp:term":[{"taxonomy":"category","embeddable":true,"href":"https:\/\/ladepeche.mr\/index.php?rest_route=%2Fwp%2Fv2%2Fcategories&post=19453"},{"taxonomy":"post_tag","embeddable":true,"href":"https:\/\/ladepeche.mr\/index.php?rest_route=%2Fwp%2Fv2%2Ftags&post=19453"}],"curies":[{"name":"wp","href":"https:\/\/api.w.org\/{rel}","templated":true}]}}