{"id":19456,"date":"2025-11-30T18:00:22","date_gmt":"2025-11-30T18:00:22","guid":{"rendered":"https:\/\/ladepeche.mr\/?p=19456"},"modified":"2025-11-30T18:00:22","modified_gmt":"2025-11-30T18:00:22","slug":"fermeture-de-5-caisses-depargne-les-procapec-font-des-vagues","status":"publish","type":"post","link":"https:\/\/ladepeche.mr\/?p=19456","title":{"rendered":"Fermeture de 5 caisses d&#8217;\u00e9pargne: Les Procapec font des vagues"},"content":{"rendered":"<p data-start=\"267\" data-end=\"444\">La situation du r\u00e9seau PROCAPEC suscite ces derniers temps des pr\u00e9occupations parmi plusieurs observateurs, notamment apr\u00e8s la fermeture r\u00e9cente de plusieurs caisses populaires.<\/p>\n<p data-start=\"446\" data-end=\"958\">Selon les informations disponibles, les Caisses -Capec- de Kermessene, M\u00e9derdra, R\u2019Kiz, Amourj et Bark\u00e9ol ont \u00e9t\u00e9 ferm\u00e9s successivement sur d\u00e9cision de la direction g\u00e9n\u00e9rale de PROCAPEC. Certaines sources estiment qu\u2019il pourrait s\u2019agir du d\u00e9but d\u2019une restructuration plus large, susceptible de toucher d\u2019autres caisses d\u2019ici la fin de l\u2019ann\u00e9e. D\u2019apr\u00e8s ces m\u00eames sources, une dizaine de Capec seraient potentiellement concern\u00e9es, ce qui constituerait l\u2019une des plus importantes r\u00e9organisations du r\u00e9seau depuis sa cr\u00e9ation.<\/p>\n<p data-start=\"960\" data-end=\"1168\">Cr\u00e9\u00e9e en mars 1997, l\u2019Agence de Promotion des Caisses Populaires d\u2019\u00c9pargne et de Cr\u00e9dit vise \u00e0 d\u00e9velopper un syst\u00e8me mutualiste fond\u00e9 sur un r\u00e9seau de caisses locales d\u2019\u00e9pargne et de cr\u00e9dit \u00e0 travers le pays. Mais ce syst\u00e8me a fini par crouler sous le poids du d\u00e9ficit persistant. Sur le plan financier, seules quelques-unes des 55 caisses du r\u00e9seau seraient actuellement rentables, tandis que la majorit\u00e9 fonctionnerait en d\u00e9ficit, tient-on des m\u00eames sources. Cela conduit certains observateurs \u00e0 s\u2019interroger sur la gestion de l\u2019\u00e9pargne des clients et sur sa s\u00e9curisation.<\/p>\n<h4 data-start=\"1170\" data-end=\"1248\"><strong data-start=\"1175\" data-end=\"1248\">Une restructuration per\u00e7ue comme une r\u00e9ponse aux difficult\u00e9s internes<\/strong><\/h4>\n<p data-start=\"1250\" data-end=\"1615\">D\u2019apr\u00e8s certains observateurs, la restructuration envisag\u00e9e constituerait une r\u00e9ponse aux difficult\u00e9s que traverserait actuellement l\u2019agence. La directrice g\u00e9n\u00e9rale, Nebghouha Mint Tlamid dont la long\u00e9vit\u00e9 \u00e0 la t\u00eate du r\u00e9seau (16 ans DG des Procapec) est exceptionnelle est cit\u00e9e pour un d\u00e9part \u00e0 la retraite. Sa p\u00e9riode d\u2019activit\u00e9 comme fonctionnaire atteint la limite quand on sait qu\u2019elle \u00e9tait d\u00e9j\u00e0 ministre de la promotion f\u00e9minine en 2005.<\/p>\n<p>La r\u00e9cente publication de rapports de la Cour des comptes (octobre 2025) concernant la gestion des fonds publics a \u00e9galement raviv\u00e9 l\u2019attention autour des CAPEC. Des zones d\u2019ombre sont \u00e9voqu\u00e9es par diverses sources concernant la situation du r\u00e9seau, notamment \u00e0 la suite d\u2019un cas de d\u00e9tournement signal\u00e9 dans la caisse de Kiffa. Certaines indiscr\u00e9tions internes \u00e9voquent une situation financi\u00e8re fragile. Ce qui expliquerait le recours \u00e0 la fermeture de caisses couteuses et non rentables.<\/p>\n<p>Les procapec ont \u00e9t\u00e9 plac\u00e9es sous tutelle du minist\u00e8re de la jeunesse, depuis quelques ann\u00e9es maintenant. Mais fait curieux, aucune inspection r\u00e9cente de la Cour des comptes ou de l\u2019Inspection g\u00e9n\u00e9rale de l\u2019\u00c9tat n\u2019aurait \u00e9t\u00e9 conduite dans cette agence. Ces supputations alimentent des interrogations sur l&#8217;efficience du suivi administratif et financier de l\u2019institution.<\/p>\n<h4 data-start=\"2453\" data-end=\"2507\"><strong data-start=\"2458\" data-end=\"2507\">Vers un audit syst\u00e9matique ?<\/strong><\/h4>\n<p data-start=\"2509\" data-end=\"2900\">Diverses sources internes mentionnent des difficult\u00e9s organisationnelles, telles qu\u2019une irr\u00e9gularit\u00e9 suppos\u00e9e dans la tenue des assembl\u00e9es g\u00e9n\u00e9rales obligatoires, un r\u00f4le affaibli des conseils d\u2019administration \u00e9lus ou encore une baisse d\u2019effectifs qui aurait perturb\u00e9 le fonctionnement des caisses aujourd&#8217;hui dans l&#8217;oeil du cyclone.<\/p>\n<p>Des repr\u00e9sentants de travailleurs dans plusieurs caisses ont appel\u00e9 \u00e0 l\u2019ouverture d\u2019une enqu\u00eate afin de clarifier l\u2019ensemble de ces points.<\/p>\n<p>Dans ce contexte, la question d\u2019un audit automatique \u00e0 la fin du mandat de chaque responsable administratif est \u00e0 nouveau pos\u00e9e, au regard des irr\u00e9gularit\u00e9s qui \u00e9mergent parfois apr\u00e8s les contr\u00f4les de l\u2019\u00c9tat et pour exorciser l\u2019impunit\u00e9 dans l\u2019ind\u00e9licatesse avec les deniers publics.<\/p>\n<p>JD<\/p>\n<p>&nbsp;<\/p>\n","protected":false},"excerpt":{"rendered":"<p>La situation du r\u00e9seau PROCAPEC suscite ces derniers temps des pr\u00e9occupations parmi plusieurs observateurs, notamment apr\u00e8s la fermeture r\u00e9cente de plusieurs caisses populaires. Selon les informations disponibles, les Caisses -Capec- de Kermessene, M\u00e9derdra, R\u2019Kiz, Amourj et Bark\u00e9ol ont \u00e9t\u00e9 ferm\u00e9s successivement sur d\u00e9cision de la direction g\u00e9n\u00e9rale de PROCAPEC. Certaines sources estiment qu\u2019il pourrait s\u2019agir &hellip;<\/p>\n","protected":false},"author":2,"featured_media":19457,"comment_status":"open","ping_status":"open","sticky":false,"template":"","format":"standard","meta":{"footnotes":""},"categories":[18,2],"tags":[],"class_list":["post-19456","post","type-post","status-publish","format-standard","has-post-thumbnail","hentry","category-actualites","category-economie"],"_links":{"self":[{"href":"https:\/\/ladepeche.mr\/index.php?rest_route=\/wp\/v2\/posts\/19456","targetHints":{"allow":["GET"]}}],"collection":[{"href":"https:\/\/ladepeche.mr\/index.php?rest_route=\/wp\/v2\/posts"}],"about":[{"href":"https:\/\/ladepeche.mr\/index.php?rest_route=\/wp\/v2\/types\/post"}],"author":[{"embeddable":true,"href":"https:\/\/ladepeche.mr\/index.php?rest_route=\/wp\/v2\/users\/2"}],"replies":[{"embeddable":true,"href":"https:\/\/ladepeche.mr\/index.php?rest_route=%2Fwp%2Fv2%2Fcomments&post=19456"}],"version-history":[{"count":1,"href":"https:\/\/ladepeche.mr\/index.php?rest_route=\/wp\/v2\/posts\/19456\/revisions"}],"predecessor-version":[{"id":19458,"href":"https:\/\/ladepeche.mr\/index.php?rest_route=\/wp\/v2\/posts\/19456\/revisions\/19458"}],"wp:featuredmedia":[{"embeddable":true,"href":"https:\/\/ladepeche.mr\/index.php?rest_route=\/wp\/v2\/media\/19457"}],"wp:attachment":[{"href":"https:\/\/ladepeche.mr\/index.php?rest_route=%2Fwp%2Fv2%2Fmedia&parent=19456"}],"wp:term":[{"taxonomy":"category","embeddable":true,"href":"https:\/\/ladepeche.mr\/index.php?rest_route=%2Fwp%2Fv2%2Fcategories&post=19456"},{"taxonomy":"post_tag","embeddable":true,"href":"https:\/\/ladepeche.mr\/index.php?rest_route=%2Fwp%2Fv2%2Ftags&post=19456"}],"curies":[{"name":"wp","href":"https:\/\/api.w.org\/{rel}","templated":true}]}}