{"id":19459,"date":"2025-11-30T18:44:20","date_gmt":"2025-11-30T18:44:20","guid":{"rendered":"https:\/\/ladepeche.mr\/?p=19459"},"modified":"2025-11-30T18:44:20","modified_gmt":"2025-11-30T18:44:20","slug":"free-palestine-park-a-dublin-lautre-victoire-des-enfants-martyrs-de-gaza-contre-lextremisme-sioniste","status":"publish","type":"post","link":"https:\/\/ladepeche.mr\/?p=19459","title":{"rendered":"\u00ab\u00a0Free Palestine\u00a0Park\u00bb \u00e0 Dublin, l\u2019autre victoire des enfants martyrs de Gaza contre l\u2019extr\u00e9misme sioniste"},"content":{"rendered":"<p>Le conseil municipal de Dublin a d\u00e9cid\u00e9 de retirer le nom de l&#8217;ancien pr\u00e9sident isra\u00e9lien Haim Herzog d&#8217;un parc de la capitale irlandaise pour le renommer &#8220;Free Palestine&#8221; (Palestine libre). Une \u00e9ni\u00e8me victoire diplomatique des enfants martyrs de Gaza contre le gouvernement g\u00e9nocidaire isra\u00e9lien qui n\u2019a pas manqu\u00e9 de pr\u00e9senter l\u2019\u00e9v\u00e9nement sous l\u2019angle fallacieux de &#8220;l&#8217;antis\u00e9mitisme&#8221;.<\/p>\n<p>Les opinions publiques europ\u00e9ennes et de plus en plus de pays occidentaux se d\u00e9solidarisent de la violence isra\u00e9lienne qui rappelle pour beaucoup les pratiques nazies dont les juifs ont \u00e9t\u00e9 la victime d\u00e9sign\u00e9e. Une r\u00e9alit\u00e9 que les id\u00e9ologues sionistes ont toujours voulu tirer \u00e0 leur profit malgr\u00e9 le refus de confusion oppos\u00e9 par les juifs pacifistes.<\/p>\n<p>Le parc de Dublin portait jusqu&#8217;\u00e0 pr\u00e9sent le nom de Haim Herzog (1918-1997), sixi\u00e8me pr\u00e9sident de l&#8217;\u00c9tat d&#8217;Isra\u00ebl et p\u00e8re de l&#8217;actuel pr\u00e9sident, qui a contribu\u00e9 avec les sionistes au nettoyage ethnique en Palestine et \u00e0 son annexion.<\/p>\n<p>Cette d\u00e9cision, prise dans le contexte de la guerre \u00e0 Gaza, est consid\u00e9r\u00e9e comme un nouveau retentissement en Europe de la cause des palestiniens et du refus de la violence isra\u00e9lienne par les opinions publiques europ\u00e9ennes.<\/p>\n<p>Gaza rappelle-t-on a \u00e9t\u00e9 totalement d\u00e9vast\u00e9e par le r\u00e9gime extr\u00e9miste sioniste qui a massacr\u00e9 plus de 100 civils palestiniens dont une majorit\u00e9 d\u2019enfants et de femmes.<\/p>\n","protected":false},"excerpt":{"rendered":"<p>Le conseil municipal de Dublin a d\u00e9cid\u00e9 de retirer le nom de l&#8217;ancien pr\u00e9sident isra\u00e9lien Haim Herzog d&#8217;un parc de la capitale irlandaise pour le renommer &#8220;Free Palestine&#8221; (Palestine libre). Une \u00e9ni\u00e8me victoire diplomatique des enfants martyrs de Gaza contre le gouvernement g\u00e9nocidaire isra\u00e9lien qui n\u2019a pas manqu\u00e9 de pr\u00e9senter l\u2019\u00e9v\u00e9nement sous l\u2019angle fallacieux de &hellip;<\/p>\n","protected":false},"author":2,"featured_media":19460,"comment_status":"open","ping_status":"open","sticky":false,"template":"","format":"standard","meta":{"footnotes":""},"categories":[18,29],"tags":[],"class_list":["post-19459","post","type-post","status-publish","format-standard","has-post-thumbnail","hentry","category-actualites","category-monde"],"_links":{"self":[{"href":"https:\/\/ladepeche.mr\/index.php?rest_route=\/wp\/v2\/posts\/19459","targetHints":{"allow":["GET"]}}],"collection":[{"href":"https:\/\/ladepeche.mr\/index.php?rest_route=\/wp\/v2\/posts"}],"about":[{"href":"https:\/\/ladepeche.mr\/index.php?rest_route=\/wp\/v2\/types\/post"}],"author":[{"embeddable":true,"href":"https:\/\/ladepeche.mr\/index.php?rest_route=\/wp\/v2\/users\/2"}],"replies":[{"embeddable":true,"href":"https:\/\/ladepeche.mr\/index.php?rest_route=%2Fwp%2Fv2%2Fcomments&post=19459"}],"version-history":[{"count":1,"href":"https:\/\/ladepeche.mr\/index.php?rest_route=\/wp\/v2\/posts\/19459\/revisions"}],"predecessor-version":[{"id":19461,"href":"https:\/\/ladepeche.mr\/index.php?rest_route=\/wp\/v2\/posts\/19459\/revisions\/19461"}],"wp:featuredmedia":[{"embeddable":true,"href":"https:\/\/ladepeche.mr\/index.php?rest_route=\/wp\/v2\/media\/19460"}],"wp:attachment":[{"href":"https:\/\/ladepeche.mr\/index.php?rest_route=%2Fwp%2Fv2%2Fmedia&parent=19459"}],"wp:term":[{"taxonomy":"category","embeddable":true,"href":"https:\/\/ladepeche.mr\/index.php?rest_route=%2Fwp%2Fv2%2Fcategories&post=19459"},{"taxonomy":"post_tag","embeddable":true,"href":"https:\/\/ladepeche.mr\/index.php?rest_route=%2Fwp%2Fv2%2Ftags&post=19459"}],"curies":[{"name":"wp","href":"https:\/\/api.w.org\/{rel}","templated":true}]}}