{"id":19462,"date":"2025-12-01T12:44:36","date_gmt":"2025-12-01T12:44:36","guid":{"rendered":"https:\/\/ladepeche.mr\/?p=19462"},"modified":"2025-12-01T12:44:36","modified_gmt":"2025-12-01T12:44:36","slug":"le-ministre-des-affaires-economiques-recoit-lambassadeur-despagne-en-mauritanie","status":"publish","type":"post","link":"https:\/\/ladepeche.mr\/?p=19462","title":{"rendered":"Le ministre des Affaires \u00e9conomiques re\u00e7oit l\u2019ambassadeur d\u2019Espagne en Mauritanie"},"content":{"rendered":"<p style=\"text-align: left;\">Son Excellence le ministre des Affaires \u00e9conomiques et du D\u00e9veloppement, Dr Abdallah Ould Souleymane Ould Cheikh Sidia, a re\u00e7u en audience lundi matin, SEM. Pablo Barbar\u00e1 G\u00f3mez, ambassadeur du Royaume d\u2019Espagne aupr\u00e8s de la Mauritanie.<\/p>\n<p>L\u2019entretien a port\u00e9 sur l\u2019\u00e9volution de la coop\u00e9ration bilat\u00e9rale entre les deux pays, avec un accent particulier sur les domaines \u00e9conomique et du d\u00e9veloppement, ainsi que sur les m\u00e9canismes de consolidation d\u2019un partenariat align\u00e9 sur les priorit\u00e9s nationales de d\u00e9veloppement.<\/p>\n<p>Au cours de la rencontre, l\u2019ambassadeur a pr\u00e9sent\u00e9 \u00e0 Son Excellence le nouveau conseiller \u00e9conomique et commercial de l\u2019ambassade, M. Francisco Mart\u00ednez, premier conseiller r\u00e9sident \u00e0 Nouakchott, marquant ainsi une nouvelle \u00e9tape dans le renforcement de la pr\u00e9sence \u00e9conomique et diplomatique de l\u2019Espagne dans notre pays.<\/p>\n<p>Ont \u00e9galement pris part \u00e0 la r\u00e9union le directeur g\u00e9n\u00e9ral des Financements et de la Coop\u00e9ration \u00e9conomique, M. Mohamed Salem Ould Nani, et le directeur des Financements, M. Sy Mamadou.<\/p>\n<p>La rencontre s\u2019inscrit dans la dynamique visant \u00e0 impulser une coop\u00e9ration mauritano-espagnole plus \u00e9troite et plus coordonn\u00e9e, de nature \u00e0 consolider les int\u00e9r\u00eats communs dans les secteurs prioritaires.<br \/>\nSource MAED<\/p>\n","protected":false},"excerpt":{"rendered":"<p>Son Excellence le ministre des Affaires \u00e9conomiques et du D\u00e9veloppement, Dr Abdallah Ould Souleymane Ould Cheikh Sidia, a re\u00e7u en audience lundi matin, SEM. Pablo Barbar\u00e1 G\u00f3mez, ambassadeur du Royaume d\u2019Espagne aupr\u00e8s de la Mauritanie. L\u2019entretien a port\u00e9 sur l\u2019\u00e9volution de la coop\u00e9ration bilat\u00e9rale entre les deux pays, avec un accent particulier sur les domaines &hellip;<\/p>\n","protected":false},"author":2,"featured_media":19463,"comment_status":"open","ping_status":"open","sticky":false,"template":"","format":"standard","meta":{"footnotes":""},"categories":[18,2],"tags":[],"class_list":["post-19462","post","type-post","status-publish","format-standard","has-post-thumbnail","hentry","category-actualites","category-economie"],"_links":{"self":[{"href":"https:\/\/ladepeche.mr\/index.php?rest_route=\/wp\/v2\/posts\/19462","targetHints":{"allow":["GET"]}}],"collection":[{"href":"https:\/\/ladepeche.mr\/index.php?rest_route=\/wp\/v2\/posts"}],"about":[{"href":"https:\/\/ladepeche.mr\/index.php?rest_route=\/wp\/v2\/types\/post"}],"author":[{"embeddable":true,"href":"https:\/\/ladepeche.mr\/index.php?rest_route=\/wp\/v2\/users\/2"}],"replies":[{"embeddable":true,"href":"https:\/\/ladepeche.mr\/index.php?rest_route=%2Fwp%2Fv2%2Fcomments&post=19462"}],"version-history":[{"count":1,"href":"https:\/\/ladepeche.mr\/index.php?rest_route=\/wp\/v2\/posts\/19462\/revisions"}],"predecessor-version":[{"id":19464,"href":"https:\/\/ladepeche.mr\/index.php?rest_route=\/wp\/v2\/posts\/19462\/revisions\/19464"}],"wp:featuredmedia":[{"embeddable":true,"href":"https:\/\/ladepeche.mr\/index.php?rest_route=\/wp\/v2\/media\/19463"}],"wp:attachment":[{"href":"https:\/\/ladepeche.mr\/index.php?rest_route=%2Fwp%2Fv2%2Fmedia&parent=19462"}],"wp:term":[{"taxonomy":"category","embeddable":true,"href":"https:\/\/ladepeche.mr\/index.php?rest_route=%2Fwp%2Fv2%2Fcategories&post=19462"},{"taxonomy":"post_tag","embeddable":true,"href":"https:\/\/ladepeche.mr\/index.php?rest_route=%2Fwp%2Fv2%2Ftags&post=19462"}],"curies":[{"name":"wp","href":"https:\/\/api.w.org\/{rel}","templated":true}]}}