{"id":19465,"date":"2025-12-01T14:23:32","date_gmt":"2025-12-01T14:23:32","guid":{"rendered":"https:\/\/ladepeche.mr\/?p=19465"},"modified":"2025-12-01T14:24:35","modified_gmt":"2025-12-01T14:24:35","slug":"alerte-au-large-de-dakar-un-incident-sur-le-navire-mersin-declenche-un-dispositif-de-crise-environnementale","status":"publish","type":"post","link":"https:\/\/ladepeche.mr\/?p=19465","title":{"rendered":"Alerte au large de Dakar : un incident sur le navire \u00abMersin\u00bb d\u00e9clenche un dispositif de crise environnementale"},"content":{"rendered":"<p>Un important incident technique survenu \u00e0 bord du navire tanker \u00ab Mersin \u00bb, dans la nuit du 27 au 28 novembre 2025, a mobilis\u00e9 l\u2019ensemble des autorit\u00e9s maritimes s\u00e9n\u00e9galaises. Selon un communiqu\u00e9 du Port autonome de Dakar, l\u2019\u00e9quipage du navire a signal\u00e9 une entr\u00e9e d\u2019eau dans la salle des machines, obligeant l\u2019\u00c9tat \u00e0 enclencher imm\u00e9diatement un protocole d\u2019urgence pour \u00e9viter tout risque de pollution en mer.<\/p>\n<p><strong>Une cellule de crise activ\u00e9e dans l\u2019urgence<\/strong><\/p>\n<p>D\u00e8s la r\u00e9ception de l\u2019alerte, la HASSMAR (Autorit\u00e9 de s\u00e9curit\u00e9 maritime) a coordonn\u00e9 la mise en place d\u2019une cellule de crise, en collaboration avec :<br \/>\n\u2022\u00a0 La Marine nationale<br \/>\n\u2022\u00a0 L\u2019Agence nationale des Affaires maritimes<br \/>\n\u2022\u00a0 Le Port autonome de Dakar<\/p>\n<p>Objectif : \u00e9valuer la situation, s\u00e9curiser le navire et pr\u00e9venir tout d\u00e9versement d\u2019hydrocarbures dans l\u2019oc\u00e9an.<\/p>\n<p>Gr\u00e2ce \u00e0 une intervention rapide, l\u2019int\u00e9grit\u00e9 de l\u2019\u00e9quipage a \u00e9t\u00e9 pr\u00e9serv\u00e9e, a rassur\u00e9 le Port autonome. La marine a envoy\u00e9 un b\u00e2timent militaire sur zone pour assister les op\u00e9rations.<\/p>\n<p><strong>Des mesures techniques imm\u00e9diates<\/strong><\/p>\n<p>Pour contenir l\u2019incident, plusieurs actions prioritaires ont \u00e9t\u00e9 engag\u00e9es :<\/p>\n<p>1. \u00c9tude des mesures de colmatage<br \/>\nDes experts sont mobilis\u00e9s pour identifier les moyens techniques destin\u00e9s \u00e0 stopper l\u2019entr\u00e9e d\u2019eau et stabiliser le navire.<\/p>\n<p>2. Analyse du transfert de la cargaison<br \/>\nLes autorit\u00e9s examinent les proc\u00e9dures de vidange s\u00e9curis\u00e9e du carburant, afin d\u2019\u00e9liminer le risque de pollution \u00e0 la source en cas d\u2019aggravation.<\/p>\n<p>3. D\u00e9ploiement d\u2019un dispositif antipollution<br \/>\nPar mesure de pr\u00e9caution, un barrage flottant antipollution est en cours d\u2019installation autour du \u00ab Mersin \u00bb. Il vise \u00e0 confiner toute \u00e9ventuelle nappe d\u2019hydrocarbures.<\/p>\n<p><a href=\"https:\/\/www.dakaractu.com\/Alerte-au-large-de-Dakar-un-incident-sur-le-navire-Mersin-declenche-un-dispositif-de-crise-environnementale_a267055.html\">Alerte au large de Dakar : un incident sur le navire \u00ab Mersin \u00bb d\u00e9clenche un dispositif de crise environnementale<\/a><\/p>\n","protected":false},"excerpt":{"rendered":"<p>Un important incident technique survenu \u00e0 bord du navire tanker \u00ab Mersin \u00bb, dans la nuit du 27 au 28 novembre 2025, a mobilis\u00e9 l\u2019ensemble des autorit\u00e9s maritimes s\u00e9n\u00e9galaises. Selon un communiqu\u00e9 du Port autonome de Dakar, l\u2019\u00e9quipage du navire a signal\u00e9 une entr\u00e9e d\u2019eau dans la salle des machines, obligeant l\u2019\u00c9tat \u00e0 enclencher imm\u00e9diatement &hellip;<\/p>\n","protected":false},"author":2,"featured_media":19466,"comment_status":"open","ping_status":"open","sticky":false,"template":"","format":"standard","meta":{"footnotes":""},"categories":[18,21,29],"tags":[],"class_list":["post-19465","post","type-post","status-publish","format-standard","has-post-thumbnail","hentry","category-actualites","category-fluctuations","category-monde"],"_links":{"self":[{"href":"https:\/\/ladepeche.mr\/index.php?rest_route=\/wp\/v2\/posts\/19465","targetHints":{"allow":["GET"]}}],"collection":[{"href":"https:\/\/ladepeche.mr\/index.php?rest_route=\/wp\/v2\/posts"}],"about":[{"href":"https:\/\/ladepeche.mr\/index.php?rest_route=\/wp\/v2\/types\/post"}],"author":[{"embeddable":true,"href":"https:\/\/ladepeche.mr\/index.php?rest_route=\/wp\/v2\/users\/2"}],"replies":[{"embeddable":true,"href":"https:\/\/ladepeche.mr\/index.php?rest_route=%2Fwp%2Fv2%2Fcomments&post=19465"}],"version-history":[{"count":2,"href":"https:\/\/ladepeche.mr\/index.php?rest_route=\/wp\/v2\/posts\/19465\/revisions"}],"predecessor-version":[{"id":19468,"href":"https:\/\/ladepeche.mr\/index.php?rest_route=\/wp\/v2\/posts\/19465\/revisions\/19468"}],"wp:featuredmedia":[{"embeddable":true,"href":"https:\/\/ladepeche.mr\/index.php?rest_route=\/wp\/v2\/media\/19466"}],"wp:attachment":[{"href":"https:\/\/ladepeche.mr\/index.php?rest_route=%2Fwp%2Fv2%2Fmedia&parent=19465"}],"wp:term":[{"taxonomy":"category","embeddable":true,"href":"https:\/\/ladepeche.mr\/index.php?rest_route=%2Fwp%2Fv2%2Fcategories&post=19465"},{"taxonomy":"post_tag","embeddable":true,"href":"https:\/\/ladepeche.mr\/index.php?rest_route=%2Fwp%2Fv2%2Ftags&post=19465"}],"curies":[{"name":"wp","href":"https:\/\/api.w.org\/{rel}","templated":true}]}}