{"id":19474,"date":"2025-12-01T15:31:07","date_gmt":"2025-12-01T15:31:07","guid":{"rendered":"https:\/\/ladepeche.mr\/?p=19474"},"modified":"2025-12-01T15:34:06","modified_gmt":"2025-12-01T15:34:06","slug":"la-loi-damnistie-de-1993-une-demarche-pragmatique","status":"publish","type":"post","link":"https:\/\/ladepeche.mr\/?p=19474","title":{"rendered":"&#8220;La loi d&#8217;amnistie de 1993&#8230;une d\u00e9marche pragmatique&#8221;"},"content":{"rendered":"<p>La loi d\u2019amnistie de 1993, adopt\u00e9e dans un contexte de tension post-crise et accompagn\u00e9e de larges compensations financi\u00e8res aux familles des victimes , repr\u00e9sente une d\u00e9marche pragmatique de pacification nationale. Elle a permis d&#8217;\u00e9viter l&#8217;enlisement judiciaire, les r\u00e8glements de comptes et les fractures identitaires, en privil\u00e9giant la stabilit\u00e9, la r\u00e9conciliation et l\u2019apaisement<br \/>\n. En \u00e9tendant l&#8217;amnistie \u00e0 toutes les actions, \u00e9crits ou d\u00e9clarations li\u00e9s aux \u00e9v\u00e9nements de l&#8217;\u00e9poque, elle a instaur\u00e9 un silence institutionnel volontaire, per\u00e7u comme un moyen de pr\u00e9server l\u2019unit\u00e9 nationale.<br \/>\nAu lieu de raviver les douleurs par des d\u00e9bats publics conflictuels, l\u2019\u00c9tat a choisi d fermer juridiquement et symboliquement ce chapitre , dans un esprit de d\u00e9passement collectif. Les r\u00e9parations vers\u00e9es par la suite sont venues renforcer cette volont\u00e9 de tourner la page.<\/p>\n<p>Nouakchott le 1er d\u00e9cembre 2025<\/p>\n<p>SEYID OULD ELGHEYLANI<\/p>\n<p>-Ancien membre de la chambre de s\u00fbret\u00e9 de l\u2019ETAT de la cour<br \/>\nsp\u00e9ciale de justice &#8211;<br \/>\n-Ancien directeur de la l\u00e9gislation au secr\u00e9tariat g\u00e9n\u00e9ral du gouvernement<\/p>\n","protected":false},"excerpt":{"rendered":"<p>La loi d\u2019amnistie de 1993, adopt\u00e9e dans un contexte de tension post-crise et accompagn\u00e9e de larges compensations financi\u00e8res aux familles des victimes , repr\u00e9sente une d\u00e9marche pragmatique de pacification nationale. Elle a permis d&#8217;\u00e9viter l&#8217;enlisement judiciaire, les r\u00e8glements de comptes et les fractures identitaires, en privil\u00e9giant la stabilit\u00e9, la r\u00e9conciliation et l\u2019apaisement . En \u00e9tendant &hellip;<\/p>\n","protected":false},"author":2,"featured_media":17550,"comment_status":"open","ping_status":"open","sticky":false,"template":"","format":"standard","meta":{"footnotes":""},"categories":[18,31],"tags":[],"class_list":["post-19474","post","type-post","status-publish","format-standard","has-post-thumbnail","hentry","category-actualites","category-politique-et-reportages"],"_links":{"self":[{"href":"https:\/\/ladepeche.mr\/index.php?rest_route=\/wp\/v2\/posts\/19474","targetHints":{"allow":["GET"]}}],"collection":[{"href":"https:\/\/ladepeche.mr\/index.php?rest_route=\/wp\/v2\/posts"}],"about":[{"href":"https:\/\/ladepeche.mr\/index.php?rest_route=\/wp\/v2\/types\/post"}],"author":[{"embeddable":true,"href":"https:\/\/ladepeche.mr\/index.php?rest_route=\/wp\/v2\/users\/2"}],"replies":[{"embeddable":true,"href":"https:\/\/ladepeche.mr\/index.php?rest_route=%2Fwp%2Fv2%2Fcomments&post=19474"}],"version-history":[{"count":2,"href":"https:\/\/ladepeche.mr\/index.php?rest_route=\/wp\/v2\/posts\/19474\/revisions"}],"predecessor-version":[{"id":19477,"href":"https:\/\/ladepeche.mr\/index.php?rest_route=\/wp\/v2\/posts\/19474\/revisions\/19477"}],"wp:featuredmedia":[{"embeddable":true,"href":"https:\/\/ladepeche.mr\/index.php?rest_route=\/wp\/v2\/media\/17550"}],"wp:attachment":[{"href":"https:\/\/ladepeche.mr\/index.php?rest_route=%2Fwp%2Fv2%2Fmedia&parent=19474"}],"wp:term":[{"taxonomy":"category","embeddable":true,"href":"https:\/\/ladepeche.mr\/index.php?rest_route=%2Fwp%2Fv2%2Fcategories&post=19474"},{"taxonomy":"post_tag","embeddable":true,"href":"https:\/\/ladepeche.mr\/index.php?rest_route=%2Fwp%2Fv2%2Ftags&post=19474"}],"curies":[{"name":"wp","href":"https:\/\/api.w.org\/{rel}","templated":true}]}}