{"id":19481,"date":"2025-12-01T17:21:36","date_gmt":"2025-12-01T17:21:36","guid":{"rendered":"https:\/\/ladepeche.mr\/?p=19481"},"modified":"2025-12-01T17:22:57","modified_gmt":"2025-12-01T17:22:57","slug":"justice-grace-presidentielle-au-profit-de-183-detenus-de-droit-commun","status":"publish","type":"post","link":"https:\/\/ladepeche.mr\/?p=19481","title":{"rendered":"F\u00eate de l\u2019Ind\u00e9pendance: Gr\u00e2ce pr\u00e9sidentielle au profit de 183 d\u00e9tenus de droit commun"},"content":{"rendered":"<p class=\"p1\"><span class=\"s1\">Dans un communiqu\u00e9 de la pr\u00e9sidence de la R\u00e9publique dont copie a \u00e9t\u00e9 transmise \u00e0 \u00abLa D\u00e9p\u00eache de Mauritanie\u00a0\u00bb, le Pr\u00e9sident, Mohamed Ould Cheikh Ghazouani, annonce une gr\u00e2ce pr\u00e9sidentielle b\u00e9n\u00e9ficiant \u00e0 183 d\u00e9tenus de droit commun.<\/span><\/p>\n<p class=\"p1\"><span class=\"s2\">Le communiqu\u00e9 pr\u00e9cise que cette remise de peine d\u2019une ann\u00e9e a \u00e9t\u00e9 \u00e0 l\u2019occasion du soixante-cinqui\u00e8me anniversaire de la glorieuse F\u00eate de l\u2019Ind\u00e9pendance, et conform\u00e9ment aux dispositions de l\u2019article 37 de la Constitution.<\/span><\/p>\n<p class=\"p1\"><span class=\"s2\">Le d\u00e9cret de gr\u00e2ce pr\u00e9sidentielle pr\u00e9cise qu\u2019une remise de peine d\u2019une (1) ann\u00e9e ferme est accord\u00e9e pour tout condamn\u00e9 dont la condamnation est devenue d\u00e9finitive avant le 14 novembre 2025.<\/span><\/p>\n<p class=\"p1\"><span class=\"s2\">Le d\u00e9cret rappelle que \u00ab\u00a0sont exclus de cette r\u00e9duction les condamn\u00e9s pour des crimes li\u00e9s au meurtre avec pr\u00e9m\u00e9ditation, au terrorisme, au banditisme arm\u00e9, au viol, \u00e0 la traite des personnes et aux pratiques esclavagistes, \u00e0 l\u2019incitation \u00e0 la haine et \u00e0 la discrimination, au trafic de migrants, au d\u00e9tournement ou au gaspillage de fonds publics, \u00e0 la falsification de monnaies, ainsi qu\u2019au transport, \u00e0 l\u2019importation, \u00e0 l\u2019exportation, \u00e0 l\u2019achat, \u00e0 la vente, \u00e0 l\u2019interm\u00e9diation ou \u00e0 la possession de drogues dangereuses.\u00a0\u00bb <\/span><\/p>\n<p class=\"p1\"><span class=\"s2\">De m\u00eame ne pourront profiter de cette gr\u00e2ce pr\u00e9sidentielle \u00ab\u00a0les d\u00e9tenus ayant d\u00e9j\u00e0 profit\u00e9 d\u2019un all\u00e8gement de peine privative de libert\u00e9 au cours des trois derni\u00e8res ann\u00e9es.\u00a0\u00bb<\/span><\/p>\n","protected":false},"excerpt":{"rendered":"<p>Dans un communiqu\u00e9 de la pr\u00e9sidence de la R\u00e9publique dont copie a \u00e9t\u00e9 transmise \u00e0 \u00abLa D\u00e9p\u00eache de Mauritanie\u00a0\u00bb, le Pr\u00e9sident, Mohamed Ould Cheikh Ghazouani, annonce une gr\u00e2ce pr\u00e9sidentielle b\u00e9n\u00e9ficiant \u00e0 183 d\u00e9tenus de droit commun. Le communiqu\u00e9 pr\u00e9cise que cette remise de peine d\u2019une ann\u00e9e a \u00e9t\u00e9 \u00e0 l\u2019occasion du soixante-cinqui\u00e8me anniversaire de la &hellip;<\/p>\n","protected":false},"author":2,"featured_media":11704,"comment_status":"open","ping_status":"open","sticky":false,"template":"","format":"standard","meta":{"footnotes":""},"categories":[18,31],"tags":[],"class_list":["post-19481","post","type-post","status-publish","format-standard","has-post-thumbnail","hentry","category-actualites","category-politique-et-reportages"],"_links":{"self":[{"href":"https:\/\/ladepeche.mr\/index.php?rest_route=\/wp\/v2\/posts\/19481","targetHints":{"allow":["GET"]}}],"collection":[{"href":"https:\/\/ladepeche.mr\/index.php?rest_route=\/wp\/v2\/posts"}],"about":[{"href":"https:\/\/ladepeche.mr\/index.php?rest_route=\/wp\/v2\/types\/post"}],"author":[{"embeddable":true,"href":"https:\/\/ladepeche.mr\/index.php?rest_route=\/wp\/v2\/users\/2"}],"replies":[{"embeddable":true,"href":"https:\/\/ladepeche.mr\/index.php?rest_route=%2Fwp%2Fv2%2Fcomments&post=19481"}],"version-history":[{"count":2,"href":"https:\/\/ladepeche.mr\/index.php?rest_route=\/wp\/v2\/posts\/19481\/revisions"}],"predecessor-version":[{"id":19483,"href":"https:\/\/ladepeche.mr\/index.php?rest_route=\/wp\/v2\/posts\/19481\/revisions\/19483"}],"wp:featuredmedia":[{"embeddable":true,"href":"https:\/\/ladepeche.mr\/index.php?rest_route=\/wp\/v2\/media\/11704"}],"wp:attachment":[{"href":"https:\/\/ladepeche.mr\/index.php?rest_route=%2Fwp%2Fv2%2Fmedia&parent=19481"}],"wp:term":[{"taxonomy":"category","embeddable":true,"href":"https:\/\/ladepeche.mr\/index.php?rest_route=%2Fwp%2Fv2%2Fcategories&post=19481"},{"taxonomy":"post_tag","embeddable":true,"href":"https:\/\/ladepeche.mr\/index.php?rest_route=%2Fwp%2Fv2%2Ftags&post=19481"}],"curies":[{"name":"wp","href":"https:\/\/api.w.org\/{rel}","templated":true}]}}