{"id":19484,"date":"2025-12-01T22:11:50","date_gmt":"2025-12-01T22:11:50","guid":{"rendered":"https:\/\/ladepeche.mr\/?p=19484"},"modified":"2025-12-01T22:21:12","modified_gmt":"2025-12-01T22:21:12","slug":"le-president-ghazouani-lance-deux-chantiers-emblematiques-le-monument-de-la-nation-et-le-nouveau-siege-de-lagence-nationale-de-laviation-civile-anac","status":"publish","type":"post","link":"https:\/\/ladepeche.mr\/?p=19484","title":{"rendered":"Le Pr\u00e9sident Ghazouani lance deux chantiers embl\u00e9matiques : le Monument de la Nation et le nouveau si\u00e8ge de l\u2019Anac"},"content":{"rendered":"<p>Nouakchott a connu ce lundi une s\u00e9rie de lancement de projets d\u2019infrastructures pr\u00e9sid\u00e9s par le pr\u00e9sident Ghazouani et visant \u00e0 la rendre plus moderne et plus attractive. Les inaugurations s\u2019inscrivent dans le cadre des c\u00e9l\u00e9brations du 65\u1d49 anniversaire de l\u2019Ind\u00e9pendance nationale.<br \/>\nApr\u00e8s avoir d\u00e9voil\u00e9 les plaques comm\u00e9moratives, le Chef de l\u2019\u00c9tat a pris connaissance des donn\u00e9es techniques des deux projets et a \u00e9cout\u00e9 les explications des responsables, d\u00e9taillant leurs composantes et leur vocation apr\u00e8s ach\u00e8vement. La c\u00e9r\u00e9monie \u00e9tait marqu\u00e9e par la pr\u00e9sence du Premier ministre El Moctar Ould Djay, du pr\u00e9sident de l\u2019Assembl\u00e9e nationale, du pr\u00e9sident du Conseil constitutionnel, de plusieurs ministres, du wali de Nouakchott-Ouest et des membres du corps diplomatique accr\u00e9dit\u00e9 en Mauritanie.<\/p>\n<p><strong>Un monument pour c\u00e9l\u00e9brer l\u2019identit\u00e9 et la m\u00e9moire nationale<\/strong><br \/>\nDans son discours, la ministre de l\u2019Habitat, Naha Mint Hamdi Ould Mouknass, a insist\u00e9 sur la port\u00e9e symbolique du Monument de la Nation : \u00ab un \u00e9difice civilisationnel qui incarne l\u2019identit\u00e9 et la richesse culturelle du pays \u00bb.<\/p>\n<p><img loading=\"lazy\" decoding=\"async\" src=\"http:\/\/ladepeche.mr\/wp-content\/uploads\/2025\/12\/Naha-inauguration-300x208.jpg\" alt=\"\" width=\"300\" height=\"208\" class=\"alignright size-medium wp-image-19491\" srcset=\"https:\/\/ladepeche.mr\/wp-content\/uploads\/2025\/12\/Naha-inauguration-300x208.jpg 300w, https:\/\/ladepeche.mr\/wp-content\/uploads\/2025\/12\/Naha-inauguration.jpg 467w\" sizes=\"auto, (max-width: 300px) 100vw, 300px\" \/><\/p>\n<p>D\u2019une hauteur de 65 m\u00e8tres, la tour accueillera un mus\u00e9e, des restaurants, des caf\u00e9s, un t\u00e9lescope \u00e0 50 m\u00e8tres, ainsi qu\u2019un espace inspir\u00e9 du minaret historique de Tichitt.<br \/>\nElle constitue, selon la ministre, la premi\u00e8re structure de ce type dans la capitale.<br \/>\nElle a affirm\u00e9 que ce projet \u2013 comme l\u2019ensemble des chantiers supervis\u00e9s par le Pr\u00e9sident de la R\u00e9publique \u2013 transformera durablement le visage civilisationnel de Nouakchott et s\u2019inscrit dans la strat\u00e9gie de modernisation de la capitale, notamment dans le cadre du programme d\u2019urgence d\u00e9di\u00e9 \u00e0 son d\u00e9veloppement.<br \/>\nUn sentiment que partage la pr\u00e9sidente de la R\u00e9gion de Nouakchott, Fatimetou Mint Abdel Maleck, qui a salu\u00e9 la pr\u00e9sence du Pr\u00e9sident pour le lancement de ces projets, la consid\u00e9rant comme un signe fort de sa proximit\u00e9 avec les citoyens.<br \/>\nPour elle, ces infrastructures s\u2019int\u00e8grent dans un programme global visant \u00e0 faire de Nouakchott une ville moderne, fond\u00e9e sur la justice, l\u2019\u00e9quit\u00e9 et le vivre-ensemble.<br \/>\nLe maire du ksar Mohamed Salem Ould Amar, a abond\u00e9 dans le m\u00eame sens assurant que le monument donnera au centre de Nouakchott \u00ab une nouvelle dimension esth\u00e9tique \u00bb et renforcera l\u2019attractivit\u00e9 urbaine tout en respectant les imp\u00e9ratifs sociaux et environnementaux.<br \/>\n\u00c9rig\u00e9 au carrefour strat\u00e9gique de la \u00ab Police de la Circulation \u00bb, le monument sera achev\u00e9 en 20 mois pour un co\u00fbt de 7,8 milliards d\u2019ouguiyas, financ\u00e9 \u00e0 75 % par la r\u00e9gion de Nouakchott.<\/p>\n<p>Il s\u2019\u00e9tendra sur 1,2 hectare et comprendra :<br \/>\n\u2022 une tour de 65 m\u00e8tres,<br \/>\n\u2022 deux ponts d\u2019acc\u00e8s,<br \/>\n\u2022 un caf\u00e9, un restaurant et un mus\u00e9e,<br \/>\n\u2022 plusieurs plateformes panoramiques,<br \/>\n\u2022 un mod\u00e8le du minaret de Chinguetti,<br \/>\n\u2022 un phare maritime,<br \/>\n\u2022 quatre ascenseurs,<br \/>\n\u2022 des parkings, une gare routi\u00e8re et des espaces verts.<\/p>\n<p><strong>L\u2019aviation civile mauritanienne en plein essor<\/strong><br \/>\nLe ministre de l\u2019\u00c9quipement et des Transports, Ely Ould El Veirik, a rappel\u00e9 que la construction du nouveau si\u00e8ge de l\u2019ANAC s\u2019inscrit dans la dynamique de modernisation impuls\u00e9e par le Pr\u00e9sident de la R\u00e9publique.<br \/>\nIl a soulign\u00e9 les avanc\u00e9es majeures du secteur, dont l\u2019\u00e9lection historique de la Mauritanie au Conseil de l\u2019Organisation de l\u2019Aviation Civile Internationale (OACI) et \u00e0 la vice-pr\u00e9sidence du Comit\u00e9 Africain de l\u2019Aviation Civile.<br \/>\nLe futur b\u00e2timent de l\u2019ANAC couvrira 4 941 m\u00b2, dont 3 000 m\u00b2 b\u00e2tis.<br \/>\nIl comprendra cinq niveaux, 73 bureaux administratifs, quatre salles de r\u00e9union, deux salles de conf\u00e9rence, sept espaces d\u2019archives, trois entrep\u00f4ts et deux salles de documentation et d\u2019informatique.<br \/>\nLe chantier, d\u2019un co\u00fbt de 162,4 millions d\u2019ouguiyas, sera r\u00e9alis\u00e9 en 18 mois.<br \/>\nLe b\u00e2timent sera \u00e9quip\u00e9 d\u2019un syst\u00e8me de s\u00e9curit\u00e9 \u00e9lectronique int\u00e9gral et d\u2019un r\u00e9seau informatique conforme aux normes internationales.<br \/>\nLe ministre a \u00e9galement annonc\u00e9 la cr\u00e9ation de l\u2019Office National des A\u00e9roports de Mauritanie (ONAM) et la pr\u00e9paration de mesures visant \u00e0 renforcer Mauritania Airlines, notamment la restructuration et l\u2019unification de sa flotte.<br \/>\nLe ministre a enfin d\u00e9taill\u00e9 quelques actions d\u2019envergure de son d\u00e9partement dont<br \/>\n\u2022 ouverture de nouvelles lignes ext\u00e9rieures, dont la destination M\u00e9dine,<br \/>\n\u2022 reprise des vols int\u00e9rieurs vers N\u00e9ma et Zou\u00e9rate,<br \/>\n\u2022 accueil de nouvelles compagnies r\u00e9gionales,<br \/>\n\u2022 r\u00e9habilitation de la piste de l\u2019a\u00e9roport de Nouadhibou,<br \/>\n\u2022 construction de celle de Lemgheity,<br \/>\n\u2022 \u00e9quipement modernis\u00e9 pour les a\u00e9roports de N\u00e9ma, Kiffa et S\u00e9libaby,<br \/>\n\u2022 qualification des \u00e9quipages de six a\u00e9roports int\u00e9rieurs.<\/p>\n<p><img loading=\"lazy\" decoding=\"async\" src=\"http:\/\/ladepeche.mr\/wp-content\/uploads\/2025\/12\/IMG_5718-300x187.jpg\" alt=\"\" width=\"300\" height=\"187\" class=\"alignright size-medium wp-image-19486\" srcset=\"https:\/\/ladepeche.mr\/wp-content\/uploads\/2025\/12\/IMG_5718-300x187.jpg 300w, https:\/\/ladepeche.mr\/wp-content\/uploads\/2025\/12\/IMG_5718-1024x638.jpg 1024w, https:\/\/ladepeche.mr\/wp-content\/uploads\/2025\/12\/IMG_5718-768x479.jpg 768w, https:\/\/ladepeche.mr\/wp-content\/uploads\/2025\/12\/IMG_5718-1536x957.jpg 1536w, https:\/\/ladepeche.mr\/wp-content\/uploads\/2025\/12\/IMG_5718-2048x1277.jpg 2048w\" sizes=\"auto, (max-width: 300px) 100vw, 300px\" \/><\/p>\n<p><img loading=\"lazy\" decoding=\"async\" src=\"http:\/\/ladepeche.mr\/wp-content\/uploads\/2025\/12\/IMG_5719-300x200.jpg\" alt=\"\" width=\"300\" height=\"200\" class=\"alignright size-medium wp-image-19487\" srcset=\"https:\/\/ladepeche.mr\/wp-content\/uploads\/2025\/12\/IMG_5719-300x200.jpg 300w, https:\/\/ladepeche.mr\/wp-content\/uploads\/2025\/12\/IMG_5719-1024x683.jpg 1024w, https:\/\/ladepeche.mr\/wp-content\/uploads\/2025\/12\/IMG_5719-768x512.jpg 768w, https:\/\/ladepeche.mr\/wp-content\/uploads\/2025\/12\/IMG_5719-1536x1025.jpg 1536w, https:\/\/ladepeche.mr\/wp-content\/uploads\/2025\/12\/IMG_5719-2048x1366.jpg 2048w\" sizes=\"auto, (max-width: 300px) 100vw, 300px\" \/><\/p>\n<p><img loading=\"lazy\" decoding=\"async\" src=\"http:\/\/ladepeche.mr\/wp-content\/uploads\/2025\/12\/IMG_5703-300x205.jpg\" alt=\"\" width=\"300\" height=\"205\" class=\"alignright size-medium wp-image-19488\" srcset=\"https:\/\/ladepeche.mr\/wp-content\/uploads\/2025\/12\/IMG_5703-300x205.jpg 300w, https:\/\/ladepeche.mr\/wp-content\/uploads\/2025\/12\/IMG_5703-1024x700.jpg 1024w, https:\/\/ladepeche.mr\/wp-content\/uploads\/2025\/12\/IMG_5703-768x525.jpg 768w, https:\/\/ladepeche.mr\/wp-content\/uploads\/2025\/12\/IMG_5703-1536x1050.jpg 1536w, https:\/\/ladepeche.mr\/wp-content\/uploads\/2025\/12\/IMG_5703-2048x1400.jpg 2048w, https:\/\/ladepeche.mr\/wp-content\/uploads\/2025\/12\/IMG_5703-220x150.jpg 220w\" sizes=\"auto, (max-width: 300px) 100vw, 300px\" \/><\/p>\n<p><img loading=\"lazy\" decoding=\"async\" src=\"http:\/\/ladepeche.mr\/wp-content\/uploads\/2025\/12\/IMG_5716-300x213.jpg\" alt=\"\" width=\"300\" height=\"213\" class=\"alignright size-medium wp-image-19489\" srcset=\"https:\/\/ladepeche.mr\/wp-content\/uploads\/2025\/12\/IMG_5716-300x213.jpg 300w, https:\/\/ladepeche.mr\/wp-content\/uploads\/2025\/12\/IMG_5716-1024x728.jpg 1024w, https:\/\/ladepeche.mr\/wp-content\/uploads\/2025\/12\/IMG_5716-768x546.jpg 768w, https:\/\/ladepeche.mr\/wp-content\/uploads\/2025\/12\/IMG_5716-1536x1093.jpg 1536w, https:\/\/ladepeche.mr\/wp-content\/uploads\/2025\/12\/IMG_5716-2048x1457.jpg 2048w\" sizes=\"auto, (max-width: 300px) 100vw, 300px\" \/><br \/>\n(avec Ami)<\/p>\n","protected":false},"excerpt":{"rendered":"<p>Nouakchott a connu ce lundi une s\u00e9rie de lancement de projets d\u2019infrastructures pr\u00e9sid\u00e9s par le pr\u00e9sident Ghazouani et visant \u00e0 la rendre plus moderne et plus attractive. Les inaugurations s\u2019inscrivent dans le cadre des c\u00e9l\u00e9brations du 65\u1d49 anniversaire de l\u2019Ind\u00e9pendance nationale. Apr\u00e8s avoir d\u00e9voil\u00e9 les plaques comm\u00e9moratives, le Chef de l\u2019\u00c9tat a pris connaissance des &hellip;<\/p>\n","protected":false},"author":2,"featured_media":19485,"comment_status":"open","ping_status":"open","sticky":false,"template":"","format":"standard","meta":{"footnotes":""},"categories":[18],"tags":[],"class_list":["post-19484","post","type-post","status-publish","format-standard","has-post-thumbnail","hentry","category-actualites"],"_links":{"self":[{"href":"https:\/\/ladepeche.mr\/index.php?rest_route=\/wp\/v2\/posts\/19484","targetHints":{"allow":["GET"]}}],"collection":[{"href":"https:\/\/ladepeche.mr\/index.php?rest_route=\/wp\/v2\/posts"}],"about":[{"href":"https:\/\/ladepeche.mr\/index.php?rest_route=\/wp\/v2\/types\/post"}],"author":[{"embeddable":true,"href":"https:\/\/ladepeche.mr\/index.php?rest_route=\/wp\/v2\/users\/2"}],"replies":[{"embeddable":true,"href":"https:\/\/ladepeche.mr\/index.php?rest_route=%2Fwp%2Fv2%2Fcomments&post=19484"}],"version-history":[{"count":5,"href":"https:\/\/ladepeche.mr\/index.php?rest_route=\/wp\/v2\/posts\/19484\/revisions"}],"predecessor-version":[{"id":19495,"href":"https:\/\/ladepeche.mr\/index.php?rest_route=\/wp\/v2\/posts\/19484\/revisions\/19495"}],"wp:featuredmedia":[{"embeddable":true,"href":"https:\/\/ladepeche.mr\/index.php?rest_route=\/wp\/v2\/media\/19485"}],"wp:attachment":[{"href":"https:\/\/ladepeche.mr\/index.php?rest_route=%2Fwp%2Fv2%2Fmedia&parent=19484"}],"wp:term":[{"taxonomy":"category","embeddable":true,"href":"https:\/\/ladepeche.mr\/index.php?rest_route=%2Fwp%2Fv2%2Fcategories&post=19484"},{"taxonomy":"post_tag","embeddable":true,"href":"https:\/\/ladepeche.mr\/index.php?rest_route=%2Fwp%2Fv2%2Ftags&post=19484"}],"curies":[{"name":"wp","href":"https:\/\/api.w.org\/{rel}","templated":true}]}}