{"id":19523,"date":"2025-12-03T11:47:32","date_gmt":"2025-12-03T11:47:32","guid":{"rendered":"https:\/\/ladepeche.mr\/?p=19523"},"modified":"2025-12-03T11:47:32","modified_gmt":"2025-12-03T11:47:32","slug":"le-burkina-faso-et-le-niger-saluent-la-resolution-2797-et-reaffirment-leur-soutien-au-plan-dautonomie-marocain","status":"publish","type":"post","link":"https:\/\/ladepeche.mr\/?p=19523","title":{"rendered":"Le Burkina Faso et le Niger saluent la r\u00e9solution 2797 et r\u00e9affirment leur soutien au plan d\u2019autonomie marocain"},"content":{"rendered":"<p>\u00c0 l\u2019occasion de la Conf\u00e9rence sur les victimes du terrorisme en Afrique, tenue les 2 et 3 d\u00e9cembre \u00e0 Rabat, le Burkina Faso et le Niger ont r\u00e9affirm\u00e9 leur soutien ind\u00e9fectible \u00e0 l\u2019int\u00e9grit\u00e9 territoriale du Maroc, tout en saluant l\u2019adoption par le Conseil de s\u00e9curit\u00e9 de la r\u00e9solution 2797, consid\u00e9r\u00e9e comme un tournant majeur dans le dossier du Sahara.<\/p>\n<p>Adopt\u00e9e r\u00e9cemment, cette r\u00e9solution onusienne consacre le plan d\u2019autonomie pr\u00e9sent\u00e9 par le Royaume comme la base \u00ab s\u00e9rieuse, cr\u00e9dible et durable \u00bb pour parvenir \u00e0 une solution politique et d\u00e9finitive \u00e0 ce dossier.<\/p>\n<p>Le ministre burkinab\u00e8 des Affaires \u00e9trang\u00e8res, de la Coop\u00e9ration r\u00e9gionale et des Burkinab\u00e8 de l\u2019ext\u00e9rieur, Karamoko Jean Marie Traor\u00e9, a soulign\u00e9 que son pays \u00ab r\u00e9it\u00e8re son soutien ferme et constant \u00bb au Maroc. Il a rappel\u00e9 l\u2019ouverture en octobre 2020 d\u2019un Consulat g\u00e9n\u00e9ral du Burkina Faso \u00e0 Dakhla, un geste politique fort symbolisant l\u2019alignement de Ouagadougou sur la position marocaine.<\/p>\n<p>Dans la m\u00eame dynamique, le ministre nig\u00e9rien des Affaires \u00e9trang\u00e8res, de la Coop\u00e9ration et des Nig\u00e9riens de l\u2019ext\u00e9rieur, Bakary Yaou Sangar\u00e9, a salu\u00e9 une r\u00e9solution \u00ab historique \u00bb qui, selon lui, confirme la pertinence de l\u2019approche marocaine. \u00c0 l\u2019issue de son entretien avec Nasser Bourita, chef de la diplomatie marocaine, Bakary Yaou Sangar\u00e9 a r\u00e9it\u00e9r\u00e9 l\u2019appui du Niger au plan d\u2019autonomie, qu\u2019il consid\u00e8re comme la voie la plus pragmatique pour r\u00e9soudre la question du Sahara.<\/p>\n<p>Pour sa part, Nasser Bourita a exprim\u00e9 la \u00ab gratitude profonde \u00bb du Royaume envers ces deux pays africains, soulignant la constance de leur position et la solidit\u00e9 de leurs relations avec Rabat.<\/p>\n","protected":false},"excerpt":{"rendered":"<p>\u00c0 l\u2019occasion de la Conf\u00e9rence sur les victimes du terrorisme en Afrique, tenue les 2 et 3 d\u00e9cembre \u00e0 Rabat, le Burkina Faso et le Niger ont r\u00e9affirm\u00e9 leur soutien ind\u00e9fectible \u00e0 l\u2019int\u00e9grit\u00e9 territoriale du Maroc, tout en saluant l\u2019adoption par le Conseil de s\u00e9curit\u00e9 de la r\u00e9solution 2797, consid\u00e9r\u00e9e comme un tournant majeur dans &hellip;<\/p>\n","protected":false},"author":2,"featured_media":19524,"comment_status":"open","ping_status":"open","sticky":false,"template":"","format":"standard","meta":{"footnotes":""},"categories":[18,29],"tags":[],"class_list":["post-19523","post","type-post","status-publish","format-standard","has-post-thumbnail","hentry","category-actualites","category-monde"],"_links":{"self":[{"href":"https:\/\/ladepeche.mr\/index.php?rest_route=\/wp\/v2\/posts\/19523","targetHints":{"allow":["GET"]}}],"collection":[{"href":"https:\/\/ladepeche.mr\/index.php?rest_route=\/wp\/v2\/posts"}],"about":[{"href":"https:\/\/ladepeche.mr\/index.php?rest_route=\/wp\/v2\/types\/post"}],"author":[{"embeddable":true,"href":"https:\/\/ladepeche.mr\/index.php?rest_route=\/wp\/v2\/users\/2"}],"replies":[{"embeddable":true,"href":"https:\/\/ladepeche.mr\/index.php?rest_route=%2Fwp%2Fv2%2Fcomments&post=19523"}],"version-history":[{"count":1,"href":"https:\/\/ladepeche.mr\/index.php?rest_route=\/wp\/v2\/posts\/19523\/revisions"}],"predecessor-version":[{"id":19525,"href":"https:\/\/ladepeche.mr\/index.php?rest_route=\/wp\/v2\/posts\/19523\/revisions\/19525"}],"wp:featuredmedia":[{"embeddable":true,"href":"https:\/\/ladepeche.mr\/index.php?rest_route=\/wp\/v2\/media\/19524"}],"wp:attachment":[{"href":"https:\/\/ladepeche.mr\/index.php?rest_route=%2Fwp%2Fv2%2Fmedia&parent=19523"}],"wp:term":[{"taxonomy":"category","embeddable":true,"href":"https:\/\/ladepeche.mr\/index.php?rest_route=%2Fwp%2Fv2%2Fcategories&post=19523"},{"taxonomy":"post_tag","embeddable":true,"href":"https:\/\/ladepeche.mr\/index.php?rest_route=%2Fwp%2Fv2%2Ftags&post=19523"}],"curies":[{"name":"wp","href":"https:\/\/api.w.org\/{rel}","templated":true}]}}