{"id":19526,"date":"2025-12-03T12:30:38","date_gmt":"2025-12-03T12:30:38","guid":{"rendered":"https:\/\/ladepeche.mr\/?p=19526"},"modified":"2025-12-03T12:31:37","modified_gmt":"2025-12-03T12:31:37","slug":"securite-alimentaire-et-le-developpement-local-la-mauritanie-et-la-france-signent-deux-conventions-de-financement-pour-le-projet-developpement-de-tamourt-naaj","status":"publish","type":"post","link":"https:\/\/ladepeche.mr\/?p=19526","title":{"rendered":"S\u00e9curit\u00e9 alimentaire et d\u00e9veloppement local: La Mauritanie et la France signent deux conventions de financement pour le projet \u00abD\u00e9veloppement de Tamourt Na\u00e2j\u00bb"},"content":{"rendered":"<p>Son Excellence le ministre des Affaires \u00e9conomiques et du D\u00e9veloppement, Dr. Abdallah Ould Souleymane Ould Cheikh Sidia, a sign\u00e9,  mardi matin \u00e0 Nouakchott, avec l&#8217;ambassadeur de la de France aupr\u00e8s de notre pays, SEM. Emmanuel Besnier, et le directeur de l&#8217;AFD \u00e0 Nouakchott, M. Ignace Monkam-Daverat, deux conventions de pr\u00eat et de don pour financer le projet \u00ab D\u00e9veloppement de Tamourt Na\u00e2j \u00bb.<\/p>\n<p>Le montant global du financement s&#8217;\u00e9l\u00e8ve \u00e0 40 millions d&#8217;euros, soit environ 1,9 milliard d&#8217;ouguiyas, auquel s&#8217;ajoute un don de 3 millions d&#8217;euros, \u00e9quivalant \u00e0 138 millions d&#8217;ouguiyas. Ces fonds sont destin\u00e9s au d\u00e9veloppement de la zone de Tamourt Na\u00e2j, une r\u00e9gion dot\u00e9e de grandes potentialit\u00e9s agricoles, pastorales et touristiques.<\/p>\n<p>Dans son discours, Son Excellence le ministre a pr\u00e9cis\u00e9 que le projet vise \u00e0 cr\u00e9er un p\u00f4le de d\u00e9veloppement int\u00e9gr\u00e9 en s&#8217;appuyant sur les ressources en eau de surface et les atouts naturels de la r\u00e9gion, ce qui permettra de renforcer la s\u00e9curit\u00e9 alimentaire, de g\u00e9n\u00e9rer des opportunit\u00e9s d&#8217;emploi et d&#8217;accro\u00eetre la r\u00e9silience face aux vuln\u00e9rabilit\u00e9s \u00e9conomiques et sociales.<\/p>\n<p>Il a ajout\u00e9 que le gouvernement, agissant selon les directives de Son Excellence le pr\u00e9sident de la R\u00e9publique, Monsieur Mohamed Ould Cheikh El Ghazouani, a mis en \u0153uvre ces derni\u00e8res ann\u00e9es des programmes structurels \u00e9tendus dans les zones rurales, incluant les routes, l&#8217;eau, l&#8217;\u00e9lectricit\u00e9, les t\u00e9l\u00e9communications et les services sociaux, tout en inscrivant le d\u00e9veloppement des zones humides parmi les priorit\u00e9s de la politique publique.<\/p>\n<p>Le ministre a indiqu\u00e9 que ce projet comprend des composantes op\u00e9rationnelles concr\u00e8tes : la construction de barrages et d&#8217;ouvrages hydrauliques, le soutien \u00e0 l&#8217;agriculture, au mara\u00eechage et aux activit\u00e9s f\u00e9minines, le renforcement du conseil agricole, le d\u00e9veloppement de fili\u00e8res de valeur et de pratiques respectueuses de l&#8217;environnement, ainsi qu&#8217;une composante sp\u00e9cifique d\u00e9di\u00e9e \u00e0 la valorisation du potentiel touristique et au d\u00e9senclavement. Il a soulign\u00e9 que ce financement refl\u00e8te la confiance mutuelle entre la Mauritanie et ses partenaires au d\u00e9veloppement.<\/p>\n<p>De son c\u00f4t\u00e9, l&#8217;ambassadeur de France a affirm\u00e9 que ce financement incarne l&#8217;engagement de la France \u00e0 soutenir les politiques nationales dans les domaines de la s\u00e9curit\u00e9 alimentaire, de la r\u00e9duction de la pauvret\u00e9 et de la promotion du d\u00e9veloppement rural. Il a salu\u00e9 la qualit\u00e9 de la coop\u00e9ration bilat\u00e9rale, qui compte actuellement 41 projets en cours de mise en \u0153uvre pour une valeur avoisinant les 430 millions d&#8217;euros, dans les secteurs de l&#8217;eau, de la protection sociale et du d\u00e9veloppement agropastoral.<\/p>\n<p>Il a d\u00e9clar\u00e9 que \u00ab Tamourt Na\u00e2j est un projet attendu depuis des d\u00e9cennies \u00bb, mettant en avant le fort potentiel agro\u00e9cologique de la zone, qui requi\u00e8rent \u00e0 la fois investissement et protection. Le projet permettra, a-t-il pr\u00e9cis\u00e9, la mise en valeur de milliers d&#8217;hectares, la restauration du couvert v\u00e9g\u00e9tal, la fixation des dunes et le d\u00e9veloppement des capacit\u00e9s des agriculteurs, b\u00e9n\u00e9ficiant ainsi \u00e0 plus de 500 familles vuln\u00e9rables et \u00e0 1 500 coop\u00e9ratives familiales.<\/p>\n<p>L&#8217;ambassadeur a \u00e9galement insist\u00e9 sur l&#8217;ad\u00e9quation du projet avec les engagements internationaux en mati\u00e8re de protection de la biodiversit\u00e9 et d&#8217;agriculture durable, le d\u00e9crivant comme une contribution directe aux initiatives transfrontali\u00e8res, telles que la \u00ab Grande Muraille Verte \u00bb, et un facteur d&#8217;acc\u00e9l\u00e9ration de sa r\u00e9alisation.<\/p>\n<p>La c\u00e9r\u00e9monie de signature s&#8217;est d\u00e9roul\u00e9e en pr\u00e9sence des secr\u00e9taires g\u00e9n\u00e9raux des minist\u00e8res des Affaires \u00e9conomiques et du D\u00e9veloppement, et de l&#8217;Agriculture et de la Souverainet\u00e9 alimentaire, ainsi que de plusieurs cadres des deux D\u00e9partements et d&#8217;\u00e9lus de la r\u00e9gion.<br \/>\nTitre La D\u00e9p\u00eache<br \/>\nSource MAED<\/p>\n","protected":false},"excerpt":{"rendered":"<p>Son Excellence le ministre des Affaires \u00e9conomiques et du D\u00e9veloppement, Dr. Abdallah Ould Souleymane Ould Cheikh Sidia, a sign\u00e9, mardi matin \u00e0 Nouakchott, avec l&#8217;ambassadeur de la de France aupr\u00e8s de notre pays, SEM. Emmanuel Besnier, et le directeur de l&#8217;AFD \u00e0 Nouakchott, M. Ignace Monkam-Daverat, deux conventions de pr\u00eat et de don pour financer &hellip;<\/p>\n","protected":false},"author":2,"featured_media":19515,"comment_status":"open","ping_status":"open","sticky":false,"template":"","format":"standard","meta":{"footnotes":""},"categories":[18,2],"tags":[],"class_list":["post-19526","post","type-post","status-publish","format-standard","has-post-thumbnail","hentry","category-actualites","category-economie"],"_links":{"self":[{"href":"https:\/\/ladepeche.mr\/index.php?rest_route=\/wp\/v2\/posts\/19526","targetHints":{"allow":["GET"]}}],"collection":[{"href":"https:\/\/ladepeche.mr\/index.php?rest_route=\/wp\/v2\/posts"}],"about":[{"href":"https:\/\/ladepeche.mr\/index.php?rest_route=\/wp\/v2\/types\/post"}],"author":[{"embeddable":true,"href":"https:\/\/ladepeche.mr\/index.php?rest_route=\/wp\/v2\/users\/2"}],"replies":[{"embeddable":true,"href":"https:\/\/ladepeche.mr\/index.php?rest_route=%2Fwp%2Fv2%2Fcomments&post=19526"}],"version-history":[{"count":2,"href":"https:\/\/ladepeche.mr\/index.php?rest_route=\/wp\/v2\/posts\/19526\/revisions"}],"predecessor-version":[{"id":19528,"href":"https:\/\/ladepeche.mr\/index.php?rest_route=\/wp\/v2\/posts\/19526\/revisions\/19528"}],"wp:featuredmedia":[{"embeddable":true,"href":"https:\/\/ladepeche.mr\/index.php?rest_route=\/wp\/v2\/media\/19515"}],"wp:attachment":[{"href":"https:\/\/ladepeche.mr\/index.php?rest_route=%2Fwp%2Fv2%2Fmedia&parent=19526"}],"wp:term":[{"taxonomy":"category","embeddable":true,"href":"https:\/\/ladepeche.mr\/index.php?rest_route=%2Fwp%2Fv2%2Fcategories&post=19526"},{"taxonomy":"post_tag","embeddable":true,"href":"https:\/\/ladepeche.mr\/index.php?rest_route=%2Fwp%2Fv2%2Ftags&post=19526"}],"curies":[{"name":"wp","href":"https:\/\/api.w.org\/{rel}","templated":true}]}}